{"id":857,"date":"2017-07-28T09:03:39","date_gmt":"2017-07-28T07:03:39","guid":{"rendered":"http:\/\/blog.ostwestfalen.ihk.de\/innovation\/?p=857"},"modified":"2017-07-28T09:03:39","modified_gmt":"2017-07-28T07:03:39","slug":"bundestagsunterrichtung-zur-bilanz-der-innovationsfoerderung","status":"publish","type":"post","link":"https:\/\/blog.ostwestfalen.ihk.de\/innovation\/2017\/07\/28\/bundestagsunterrichtung-zur-bilanz-der-innovationsfoerderung\/","title":{"rendered":"Bundestagsunterrichtung zur Bilanz der Innovationsf\u00f6rderung"},"content":{"rendered":"<p>Die F\u00f6rderprogramme des Bundes haben den Innovations- und Gr\u00fcndergeist in Deutschlands Mittelstand erheblich belebt. Zu diesem Ergebnis kommt die Bundesregierung in einer Evaluation ihres Zentralen Innovationsprogramms Mittelstand (ZIM), wie sie in einer Unterrichtung (18\/12442) mitteilt.<br \/>\n<a href=\"https:\/\/www.bundestag.de\/presse\/hib\/2017_06\/-\/510046\" target=\"_blank\" rel=\"noopener\">https:\/\/www.bundestag.de\/presse\/hib\/2017_06\/-\/510046<\/a><\/p>\n","protected":false},"excerpt":{"rendered":"<p>Die F\u00f6rderprogramme des Bundes haben den Innovations- und Gr\u00fcndergeist in Deutschlands Mittelstand erheblich belebt. Zu diesem Ergebnis kommt die Bundesregierung in einer Evaluation ihres Zentralen Innovationsprogramms Mittelstand (ZIM), wie sie in einer Unterrichtung (18\/12442) mitteilt. https:\/\/www.bundestag.de\/presse\/hib\/2017_06\/-\/510046<\/p>\n","protected":false},"author":14,"featured_media":0,"comment_status":"closed","ping_status":"closed","sticky":false,"template":"","format":"standard","meta":{"footnotes":""},"categories":[72],"tags":[],"class_list":["post-857","post","type-post","status-publish","format-standard","hentry","category-foerderprogramme"],"yoast_head":"<!-- This site is optimized with the Yoast SEO plugin v27.5 - https:\/\/yoast.com\/product\/yoast-seo-wordpress\/ -->\n<title>Bundestagsunterrichtung zur Bilanz der Innovationsf\u00f6rderung - KnowHow Ostwestfalen<\/title>\n<meta name=\"robots\" content=\"index, follow, max-snippet:-1, max-image-preview:large, max-video-preview:-1\" \/>\n<link rel=\"canonical\" href=\"https:\/\/blog.ostwestfalen.ihk.de\/innovation\/2017\/07\/28\/bundestagsunterrichtung-zur-bilanz-der-innovationsfoerderung\/\" \/>\n<meta property=\"og:locale\" content=\"de_DE\" \/>\n<meta property=\"og:type\" content=\"article\" \/>\n<meta property=\"og:title\" content=\"Bundestagsunterrichtung zur Bilanz der Innovationsf\u00f6rderung - KnowHow Ostwestfalen\" \/>\n<meta property=\"og:description\" content=\"Die F\u00f6rderprogramme des Bundes haben den Innovations- und Gr\u00fcndergeist in Deutschlands Mittelstand erheblich belebt. Zu diesem Ergebnis kommt die Bundesregierung in einer Evaluation ihres Zentralen Innovationsprogramms Mittelstand (ZIM), wie sie in einer Unterrichtung (18\/12442) mitteilt. https:\/\/www.bundestag.de\/presse\/hib\/2017_06\/-\/510046\" \/>\n<meta property=\"og:url\" content=\"https:\/\/blog.ostwestfalen.ihk.de\/innovation\/2017\/07\/28\/bundestagsunterrichtung-zur-bilanz-der-innovationsfoerderung\/\" \/>\n<meta property=\"og:site_name\" content=\"KnowHow Ostwestfalen\" \/>\n<meta property=\"article:published_time\" content=\"2017-07-28T07:03:39+00:00\" \/>\n<meta name=\"author\" content=\"vvalter\" \/>\n<meta name=\"twitter:label1\" content=\"Verfasst von\" \/>\n\t<meta name=\"twitter:data1\" content=\"vvalter\" \/>\n<script type=\"application\/ld+json\" class=\"yoast-schema-graph\">{\"@context\":\"https:\\\/\\\/schema.org\",\"@graph\":[{\"@type\":\"Article\",\"@id\":\"https:\\\/\\\/blog.ostwestfalen.ihk.de\\\/innovation\\\/2017\\\/07\\\/28\\\/bundestagsunterrichtung-zur-bilanz-der-innovationsfoerderung\\\/#article\",\"isPartOf\":{\"@id\":\"https:\\\/\\\/blog.ostwestfalen.ihk.de\\\/innovation\\\/2017\\\/07\\\/28\\\/bundestagsunterrichtung-zur-bilanz-der-innovationsfoerderung\\\/\"},\"author\":{\"name\":\"vvalter\",\"@id\":\"https:\\\/\\\/blog.ostwestfalen.ihk.de\\\/innovation\\\/#\\\/schema\\\/person\\\/9b8c0574761b5b328cc98406e6cd9e77\"},\"headline\":\"Bundestagsunterrichtung zur Bilanz der Innovationsf\u00f6rderung\",\"datePublished\":\"2017-07-28T07:03:39+00:00\",\"mainEntityOfPage\":{\"@id\":\"https:\\\/\\\/blog.ostwestfalen.ihk.de\\\/innovation\\\/2017\\\/07\\\/28\\\/bundestagsunterrichtung-zur-bilanz-der-innovationsfoerderung\\\/\"},\"wordCount\":49,\"articleSection\":[\"F\u00f6rderprogramme\"],\"inLanguage\":\"de\"},{\"@type\":\"WebPage\",\"@id\":\"https:\\\/\\\/blog.ostwestfalen.ihk.de\\\/innovation\\\/2017\\\/07\\\/28\\\/bundestagsunterrichtung-zur-bilanz-der-innovationsfoerderung\\\/\",\"url\":\"https:\\\/\\\/blog.ostwestfalen.ihk.de\\\/innovation\\\/2017\\\/07\\\/28\\\/bundestagsunterrichtung-zur-bilanz-der-innovationsfoerderung\\\/\",\"name\":\"Bundestagsunterrichtung zur Bilanz der Innovationsf\u00f6rderung - KnowHow Ostwestfalen\",\"isPartOf\":{\"@id\":\"https:\\\/\\\/blog.ostwestfalen.ihk.de\\\/innovation\\\/#website\"},\"datePublished\":\"2017-07-28T07:03:39+00:00\",\"author\":{\"@id\":\"https:\\\/\\\/blog.ostwestfalen.ihk.de\\\/innovation\\\/#\\\/schema\\\/person\\\/9b8c0574761b5b328cc98406e6cd9e77\"},\"breadcrumb\":{\"@id\":\"https:\\\/\\\/blog.ostwestfalen.ihk.de\\\/innovation\\\/2017\\\/07\\\/28\\\/bundestagsunterrichtung-zur-bilanz-der-innovationsfoerderung\\\/#breadcrumb\"},\"inLanguage\":\"de\",\"potentialAction\":[{\"@type\":\"ReadAction\",\"target\":[\"https:\\\/\\\/blog.ostwestfalen.ihk.de\\\/innovation\\\/2017\\\/07\\\/28\\\/bundestagsunterrichtung-zur-bilanz-der-innovationsfoerderung\\\/\"]}]},{\"@type\":\"BreadcrumbList\",\"@id\":\"https:\\\/\\\/blog.ostwestfalen.ihk.de\\\/innovation\\\/2017\\\/07\\\/28\\\/bundestagsunterrichtung-zur-bilanz-der-innovationsfoerderung\\\/#breadcrumb\",\"itemListElement\":[{\"@type\":\"ListItem\",\"position\":1,\"name\":\"Home\",\"item\":\"https:\\\/\\\/blog.ostwestfalen.ihk.de\\\/innovation\\\/\"},{\"@type\":\"ListItem\",\"position\":2,\"name\":\"Bundestagsunterrichtung zur Bilanz der Innovationsf\u00f6rderung\"}]},{\"@type\":\"WebSite\",\"@id\":\"https:\\\/\\\/blog.ostwestfalen.ihk.de\\\/innovation\\\/#website\",\"url\":\"https:\\\/\\\/blog.ostwestfalen.ihk.de\\\/innovation\\\/\",\"name\":\"KnowHow Ostwestfalen\",\"description\":\"Innovation &amp; Technologietransfer\",\"potentialAction\":[{\"@type\":\"SearchAction\",\"target\":{\"@type\":\"EntryPoint\",\"urlTemplate\":\"https:\\\/\\\/blog.ostwestfalen.ihk.de\\\/innovation\\\/?s={search_term_string}\"},\"query-input\":{\"@type\":\"PropertyValueSpecification\",\"valueRequired\":true,\"valueName\":\"search_term_string\"}}],\"inLanguage\":\"de\"},{\"@type\":\"Person\",\"@id\":\"https:\\\/\\\/blog.ostwestfalen.ihk.de\\\/innovation\\\/#\\\/schema\\\/person\\\/9b8c0574761b5b328cc98406e6cd9e77\",\"name\":\"vvalter\"}]}<\/script>\n<!-- \/ Yoast SEO plugin. -->","yoast_head_json":{"title":"Bundestagsunterrichtung zur Bilanz der Innovationsf\u00f6rderung - KnowHow Ostwestfalen","robots":{"index":"index","follow":"follow","max-snippet":"max-snippet:-1","max-image-preview":"max-image-preview:large","max-video-preview":"max-video-preview:-1"},"canonical":"https:\/\/blog.ostwestfalen.ihk.de\/innovation\/2017\/07\/28\/bundestagsunterrichtung-zur-bilanz-der-innovationsfoerderung\/","og_locale":"de_DE","og_type":"article","og_title":"Bundestagsunterrichtung zur Bilanz der Innovationsf\u00f6rderung - KnowHow Ostwestfalen","og_description":"Die F\u00f6rderprogramme des Bundes haben den Innovations- und Gr\u00fcndergeist in Deutschlands Mittelstand erheblich belebt. Zu diesem Ergebnis kommt die Bundesregierung in einer Evaluation ihres Zentralen Innovationsprogramms Mittelstand (ZIM), wie sie in einer Unterrichtung (18\/12442) mitteilt. https:\/\/www.bundestag.de\/presse\/hib\/2017_06\/-\/510046","og_url":"https:\/\/blog.ostwestfalen.ihk.de\/innovation\/2017\/07\/28\/bundestagsunterrichtung-zur-bilanz-der-innovationsfoerderung\/","og_site_name":"KnowHow Ostwestfalen","article_published_time":"2017-07-28T07:03:39+00:00","author":"vvalter","twitter_misc":{"Verfasst von":"vvalter"},"schema":{"@context":"https:\/\/schema.org","@graph":[{"@type":"Article","@id":"https:\/\/blog.ostwestfalen.ihk.de\/innovation\/2017\/07\/28\/bundestagsunterrichtung-zur-bilanz-der-innovationsfoerderung\/#article","isPartOf":{"@id":"https:\/\/blog.ostwestfalen.ihk.de\/innovation\/2017\/07\/28\/bundestagsunterrichtung-zur-bilanz-der-innovationsfoerderung\/"},"author":{"name":"vvalter","@id":"https:\/\/blog.ostwestfalen.ihk.de\/innovation\/#\/schema\/person\/9b8c0574761b5b328cc98406e6cd9e77"},"headline":"Bundestagsunterrichtung zur Bilanz der Innovationsf\u00f6rderung","datePublished":"2017-07-28T07:03:39+00:00","mainEntityOfPage":{"@id":"https:\/\/blog.ostwestfalen.ihk.de\/innovation\/2017\/07\/28\/bundestagsunterrichtung-zur-bilanz-der-innovationsfoerderung\/"},"wordCount":49,"articleSection":["F\u00f6rderprogramme"],"inLanguage":"de"},{"@type":"WebPage","@id":"https:\/\/blog.ostwestfalen.ihk.de\/innovation\/2017\/07\/28\/bundestagsunterrichtung-zur-bilanz-der-innovationsfoerderung\/","url":"https:\/\/blog.ostwestfalen.ihk.de\/innovation\/2017\/07\/28\/bundestagsunterrichtung-zur-bilanz-der-innovationsfoerderung\/","name":"Bundestagsunterrichtung zur Bilanz der Innovationsf\u00f6rderung - KnowHow Ostwestfalen","isPartOf":{"@id":"https:\/\/blog.ostwestfalen.ihk.de\/innovation\/#website"},"datePublished":"2017-07-28T07:03:39+00:00","author":{"@id":"https:\/\/blog.ostwestfalen.ihk.de\/innovation\/#\/schema\/person\/9b8c0574761b5b328cc98406e6cd9e77"},"breadcrumb":{"@id":"https:\/\/blog.ostwestfalen.ihk.de\/innovation\/2017\/07\/28\/bundestagsunterrichtung-zur-bilanz-der-innovationsfoerderung\/#breadcrumb"},"inLanguage":"de","potentialAction":[{"@type":"ReadAction","target":["https:\/\/blog.ostwestfalen.ihk.de\/innovation\/2017\/07\/28\/bundestagsunterrichtung-zur-bilanz-der-innovationsfoerderung\/"]}]},{"@type":"BreadcrumbList","@id":"https:\/\/blog.ostwestfalen.ihk.de\/innovation\/2017\/07\/28\/bundestagsunterrichtung-zur-bilanz-der-innovationsfoerderung\/#breadcrumb","itemListElement":[{"@type":"ListItem","position":1,"name":"Home","item":"https:\/\/blog.ostwestfalen.ihk.de\/innovation\/"},{"@type":"ListItem","position":2,"name":"Bundestagsunterrichtung zur Bilanz der Innovationsf\u00f6rderung"}]},{"@type":"WebSite","@id":"https:\/\/blog.ostwestfalen.ihk.de\/innovation\/#website","url":"https:\/\/blog.ostwestfalen.ihk.de\/innovation\/","name":"KnowHow Ostwestfalen","description":"Innovation &amp; Technologietransfer","potentialAction":[{"@type":"SearchAction","target":{"@type":"EntryPoint","urlTemplate":"https:\/\/blog.ostwestfalen.ihk.de\/innovation\/?s={search_term_string}"},"query-input":{"@type":"PropertyValueSpecification","valueRequired":true,"valueName":"search_term_string"}}],"inLanguage":"de"},{"@type":"Person","@id":"https:\/\/blog.ostwestfalen.ihk.de\/innovation\/#\/schema\/person\/9b8c0574761b5b328cc98406e6cd9e77","name":"vvalter"}]}},"_links":{"self":[{"href":"https:\/\/blog.ostwestfalen.ihk.de\/innovation\/wp-json\/wp\/v2\/posts\/857","targetHints":{"allow":["GET"]}}],"collection":[{"href":"https:\/\/blog.ostwestfalen.ihk.de\/innovation\/wp-json\/wp\/v2\/posts"}],"about":[{"href":"https:\/\/blog.ostwestfalen.ihk.de\/innovation\/wp-json\/wp\/v2\/types\/post"}],"author":[{"embeddable":true,"href":"https:\/\/blog.ostwestfalen.ihk.de\/innovation\/wp-json\/wp\/v2\/users\/14"}],"replies":[{"embeddable":true,"href":"https:\/\/blog.ostwestfalen.ihk.de\/innovation\/wp-json\/wp\/v2\/comments?post=857"}],"version-history":[{"count":1,"href":"https:\/\/blog.ostwestfalen.ihk.de\/innovation\/wp-json\/wp\/v2\/posts\/857\/revisions"}],"predecessor-version":[{"id":858,"href":"https:\/\/blog.ostwestfalen.ihk.de\/innovation\/wp-json\/wp\/v2\/posts\/857\/revisions\/858"}],"wp:attachment":[{"href":"https:\/\/blog.ostwestfalen.ihk.de\/innovation\/wp-json\/wp\/v2\/media?parent=857"}],"wp:term":[{"taxonomy":"category","embeddable":true,"href":"https:\/\/blog.ostwestfalen.ihk.de\/innovation\/wp-json\/wp\/v2\/categories?post=857"},{"taxonomy":"post_tag","embeddable":true,"href":"https:\/\/blog.ostwestfalen.ihk.de\/innovation\/wp-json\/wp\/v2\/tags?post=857"}],"curies":[{"name":"wp","href":"https:\/\/api.w.org\/{rel}","templated":true}]}}