{"id":809,"date":"2017-06-22T13:04:50","date_gmt":"2017-06-22T11:04:50","guid":{"rendered":"http:\/\/blog.ostwestfalen.ihk.de\/innovation\/?p=809"},"modified":"2017-06-22T13:04:50","modified_gmt":"2017-06-22T11:04:50","slug":"termine-13","status":"publish","type":"post","link":"https:\/\/blog.ostwestfalen.ihk.de\/innovation\/2017\/06\/22\/termine-13\/","title":{"rendered":"Termine"},"content":{"rendered":"<p><strong>30. Juni 2017, Paderborn: Tagung zum Kompetenzmanagement in KMU \/ Digitale Gesch\u00e4ftsprozesse<\/strong><br \/>\nDie Globalisierung und Digitalisierung der Wirtschaft schreitet voran \u2013 und macht auch vor den mittelst\u00e4ndischen Betrieben in Ostwestfalen-Lippe nicht Halt. Um wettbewerbsf\u00e4hig zu bleiben, m\u00fcssen die Unternehmen die Kompetenzen ihrer Besch\u00e4ftigten strategisch f\u00f6rdern und weiterentwickeln. Wie dies gelingen k\u00f6nnte, ist Thema dieser Transfertagung. Interessierte sind herzlich eingeladen. Eine Anmeldung ist bis zum 15. Juni m\u00f6glich, Anmeldung und Info:<br \/>\n<a href=\"https:\/\/blogs.uni-paderborn.de\/strakosphere-transfertagung\/\" target=\"_blank\" rel=\"noopener\">https:\/\/blogs.uni-paderborn.de\/strakosphere-transfertagung\/<\/a><\/p>\n<p><strong>28. Juni bis 1. Juli 2017, Paderborn: Paderborner Wissenschaftstage<\/strong><br \/>\nNoch ist es ein bisschen hin, aber die achten Paderborner Wissenschaftstage werfen bereits ihre Schatten voraus. Vom 28. Juni bis zum 1. Juli dreht sich wieder alles um die Faszination Forschung. Jetzt haben die Veranstalter von Stadt Paderborn, Universit\u00e4t und Heinz Nixdorf MuseumsForum das Programm vorgestellt.<br \/>\n<a href=\"http:\/\/www.uni-paderborn.de\/nachricht\/83956\/\" target=\"_blank\" rel=\"noopener\">http:\/\/www.uni-paderborn.de\/nachricht\/83956\/<\/a><\/p>\n<p><strong>07. Juli 2017, Minden: IT\u2018s Breakfast OWL \u2013 Die Fr\u00fchst\u00fccksreihe zum Thema IT Sicherheit geht weiter<\/strong><br \/>\nAuch in 2017 informieren die IHKs Ostwestfalen und Lippe, InnoZent e.V., die HWK OWL, nrw.unITS und die jeweiligen Wirtschaftsf\u00f6rderungen der Kreise an sieben Terminen \u00fcber das Thema IT Sicherheit, Datenschutz und IT Recht. Thema in Minden: \u201eGesetzeskonforme Archivierung von E-Mails\u201c.<br \/>\nDie kommenden Termine f\u00fcr 2017:<br \/>\nKreis Minden\u00a0\u00a0\u00a0\u00a0\u00a0\u00a0 07.07.2017<br \/>\nKreis G\u00fctersloh\u00a0\u00a0 29.09.2017<br \/>\nKreis Lippe\u00a0\u00a0\u00a0\u00a0\u00a0\u00a0\u00a0\u00a0\u00a0 06.10.2017<br \/>\nStadt Bielefeld\u00a0\u00a0\u00a0 15.12.2017<br \/>\n<a href=\"https:\/\/www.ostwestfalen.ihk.de\/veranstaltungen\/veranstaltungs-details\/its-breakfast-owl-gesetzeskonforme-archivierung-von-e-mails\/\" target=\"_blank\" rel=\"noopener\">https:\/\/www.ostwestfalen.ihk.de\/veranstaltungen\/veranstaltungs-details\/its-breakfast-owl-gesetzeskonforme-archivierung-von-e-mails\/<\/a><\/p>\n<p><strong>Vormerken: 21.09.2106, Bielefeld: 2. IT&amp;MEDIA FUTUREcongress<\/strong><br \/>\nNach der gelungenen Auftaktveranstaltung mit etwas mehr 1.400 Teilnehmern in 2016 geht der IT&amp;Media FUTUREcongress in die 2. Runde. 1 Tag \u2013 4 B\u00fchnen \u2013 35 Speaker \u2013 30 Kooperationspartner \u2013 100 Aussteller \u2013 1000 Kontakte \u2013 und Sie! S\u00e4mtliche Vortr\u00e4ge finden nun innerhalb der Messehalle auf 4 separaten B\u00fchnen\u00a0 statt. Entscheider aus Mittelstand und Gro\u00dfunternehmen stehen heute vor der Herausforderung ihre Gesch\u00e4ftsprozesse kontinuierlich zu optimieren, da sich die Rahmenbedingungen f\u00fcr Unternehmen schneller \u00e4ndern und der Wettbewerbsdruck w\u00e4chst. Die IT-Infrastruktur spielt dabei in allen Unternehmensbereichen eine immer gr\u00f6\u00dfere Rolle. Diese 4 Themenbereiche finden Sie auf dem Kongress: Prozessoptimierung &amp; IT-Infrastruktur \/ Cloud \u2013 Online-Marketing &amp; Sale \u2013 Neue Arbeitswelten &amp; Weiterbildung \/ Recruiting \u2013 Cyber-Security &amp; Datensicherheit. F\u00fcr Aussteller und Interessierte:<br \/>\n<a href=\"http:\/\/www.bielefeld.itandmedia.de\/\" target=\"_blank\" rel=\"noopener\">http:\/\/www.bielefeld.itandmedia.de\/<\/a><\/p>\n","protected":false},"excerpt":{"rendered":"<p>30. Juni 2017, Paderborn: Tagung zum Kompetenzmanagement in KMU \/ Digitale Gesch\u00e4ftsprozesse Die Globalisierung und Digitalisierung der Wirtschaft schreitet voran \u2013 und macht auch vor den mittelst\u00e4ndischen Betrieben in Ostwestfalen-Lippe nicht Halt. Um wettbewerbsf\u00e4hig zu bleiben, m\u00fcssen die Unternehmen die Kompetenzen ihrer Besch\u00e4ftigten strategisch f\u00f6rdern und weiterentwickeln. Wie dies gelingen k\u00f6nnte, ist Thema dieser Transfertagung. [&hellip;]<\/p>\n","protected":false},"author":14,"featured_media":0,"comment_status":"closed","ping_status":"closed","sticky":false,"template":"","format":"standard","meta":{"footnotes":""},"categories":[93,105,10,137],"tags":[],"class_list":["post-809","post","type-post","status-publish","format-standard","hentry","category-digitalisierung","category-it","category-veranstaltungen","category-wissenschaft"],"yoast_head":"<!-- This site is optimized with the Yoast SEO plugin v27.5 - https:\/\/yoast.com\/product\/yoast-seo-wordpress\/ -->\n<title>Termine - KnowHow Ostwestfalen<\/title>\n<meta name=\"robots\" content=\"index, follow, max-snippet:-1, max-image-preview:large, max-video-preview:-1\" \/>\n<link rel=\"canonical\" href=\"https:\/\/blog.ostwestfalen.ihk.de\/innovation\/2017\/06\/22\/termine-13\/\" \/>\n<meta property=\"og:locale\" content=\"de_DE\" \/>\n<meta property=\"og:type\" content=\"article\" \/>\n<meta property=\"og:title\" content=\"Termine - KnowHow Ostwestfalen\" \/>\n<meta property=\"og:description\" content=\"30. Juni 2017, Paderborn: Tagung zum Kompetenzmanagement in KMU \/ Digitale Gesch\u00e4ftsprozesse Die Globalisierung und Digitalisierung der Wirtschaft schreitet voran \u2013 und macht auch vor den mittelst\u00e4ndischen Betrieben in Ostwestfalen-Lippe nicht Halt. Um wettbewerbsf\u00e4hig zu bleiben, m\u00fcssen die Unternehmen die Kompetenzen ihrer Besch\u00e4ftigten strategisch f\u00f6rdern und weiterentwickeln. Wie dies gelingen k\u00f6nnte, ist Thema dieser Transfertagung. [&hellip;]\" \/>\n<meta property=\"og:url\" content=\"https:\/\/blog.ostwestfalen.ihk.de\/innovation\/2017\/06\/22\/termine-13\/\" \/>\n<meta property=\"og:site_name\" content=\"KnowHow Ostwestfalen\" \/>\n<meta property=\"article:published_time\" content=\"2017-06-22T11:04:50+00:00\" \/>\n<meta name=\"author\" content=\"vvalter\" \/>\n<meta name=\"twitter:label1\" content=\"Verfasst von\" \/>\n\t<meta name=\"twitter:data1\" content=\"vvalter\" \/>\n\t<meta name=\"twitter:label2\" content=\"Gesch\u00e4tzte Lesezeit\" \/>\n\t<meta name=\"twitter:data2\" content=\"2\u00a0Minuten\" \/>\n<script type=\"application\/ld+json\" class=\"yoast-schema-graph\">{\"@context\":\"https:\\\/\\\/schema.org\",\"@graph\":[{\"@type\":\"Article\",\"@id\":\"https:\\\/\\\/blog.ostwestfalen.ihk.de\\\/innovation\\\/2017\\\/06\\\/22\\\/termine-13\\\/#article\",\"isPartOf\":{\"@id\":\"https:\\\/\\\/blog.ostwestfalen.ihk.de\\\/innovation\\\/2017\\\/06\\\/22\\\/termine-13\\\/\"},\"author\":{\"name\":\"vvalter\",\"@id\":\"https:\\\/\\\/blog.ostwestfalen.ihk.de\\\/innovation\\\/#\\\/schema\\\/person\\\/9b8c0574761b5b328cc98406e6cd9e77\"},\"headline\":\"Termine\",\"datePublished\":\"2017-06-22T11:04:50+00:00\",\"mainEntityOfPage\":{\"@id\":\"https:\\\/\\\/blog.ostwestfalen.ihk.de\\\/innovation\\\/2017\\\/06\\\/22\\\/termine-13\\\/\"},\"wordCount\":337,\"articleSection\":[\"Digitalisierung\",\"IT\",\"Veranstaltungen\",\"Wissenschaft\"],\"inLanguage\":\"de\"},{\"@type\":\"WebPage\",\"@id\":\"https:\\\/\\\/blog.ostwestfalen.ihk.de\\\/innovation\\\/2017\\\/06\\\/22\\\/termine-13\\\/\",\"url\":\"https:\\\/\\\/blog.ostwestfalen.ihk.de\\\/innovation\\\/2017\\\/06\\\/22\\\/termine-13\\\/\",\"name\":\"Termine - KnowHow Ostwestfalen\",\"isPartOf\":{\"@id\":\"https:\\\/\\\/blog.ostwestfalen.ihk.de\\\/innovation\\\/#website\"},\"datePublished\":\"2017-06-22T11:04:50+00:00\",\"author\":{\"@id\":\"https:\\\/\\\/blog.ostwestfalen.ihk.de\\\/innovation\\\/#\\\/schema\\\/person\\\/9b8c0574761b5b328cc98406e6cd9e77\"},\"breadcrumb\":{\"@id\":\"https:\\\/\\\/blog.ostwestfalen.ihk.de\\\/innovation\\\/2017\\\/06\\\/22\\\/termine-13\\\/#breadcrumb\"},\"inLanguage\":\"de\",\"potentialAction\":[{\"@type\":\"ReadAction\",\"target\":[\"https:\\\/\\\/blog.ostwestfalen.ihk.de\\\/innovation\\\/2017\\\/06\\\/22\\\/termine-13\\\/\"]}]},{\"@type\":\"BreadcrumbList\",\"@id\":\"https:\\\/\\\/blog.ostwestfalen.ihk.de\\\/innovation\\\/2017\\\/06\\\/22\\\/termine-13\\\/#breadcrumb\",\"itemListElement\":[{\"@type\":\"ListItem\",\"position\":1,\"name\":\"Home\",\"item\":\"https:\\\/\\\/blog.ostwestfalen.ihk.de\\\/innovation\\\/\"},{\"@type\":\"ListItem\",\"position\":2,\"name\":\"Termine\"}]},{\"@type\":\"WebSite\",\"@id\":\"https:\\\/\\\/blog.ostwestfalen.ihk.de\\\/innovation\\\/#website\",\"url\":\"https:\\\/\\\/blog.ostwestfalen.ihk.de\\\/innovation\\\/\",\"name\":\"KnowHow Ostwestfalen\",\"description\":\"Innovation &amp; Technologietransfer\",\"potentialAction\":[{\"@type\":\"SearchAction\",\"target\":{\"@type\":\"EntryPoint\",\"urlTemplate\":\"https:\\\/\\\/blog.ostwestfalen.ihk.de\\\/innovation\\\/?s={search_term_string}\"},\"query-input\":{\"@type\":\"PropertyValueSpecification\",\"valueRequired\":true,\"valueName\":\"search_term_string\"}}],\"inLanguage\":\"de\"},{\"@type\":\"Person\",\"@id\":\"https:\\\/\\\/blog.ostwestfalen.ihk.de\\\/innovation\\\/#\\\/schema\\\/person\\\/9b8c0574761b5b328cc98406e6cd9e77\",\"name\":\"vvalter\"}]}<\/script>\n<!-- \/ Yoast SEO plugin. -->","yoast_head_json":{"title":"Termine - KnowHow Ostwestfalen","robots":{"index":"index","follow":"follow","max-snippet":"max-snippet:-1","max-image-preview":"max-image-preview:large","max-video-preview":"max-video-preview:-1"},"canonical":"https:\/\/blog.ostwestfalen.ihk.de\/innovation\/2017\/06\/22\/termine-13\/","og_locale":"de_DE","og_type":"article","og_title":"Termine - KnowHow Ostwestfalen","og_description":"30. Juni 2017, Paderborn: Tagung zum Kompetenzmanagement in KMU \/ Digitale Gesch\u00e4ftsprozesse Die Globalisierung und Digitalisierung der Wirtschaft schreitet voran \u2013 und macht auch vor den mittelst\u00e4ndischen Betrieben in Ostwestfalen-Lippe nicht Halt. Um wettbewerbsf\u00e4hig zu bleiben, m\u00fcssen die Unternehmen die Kompetenzen ihrer Besch\u00e4ftigten strategisch f\u00f6rdern und weiterentwickeln. Wie dies gelingen k\u00f6nnte, ist Thema dieser Transfertagung. [&hellip;]","og_url":"https:\/\/blog.ostwestfalen.ihk.de\/innovation\/2017\/06\/22\/termine-13\/","og_site_name":"KnowHow Ostwestfalen","article_published_time":"2017-06-22T11:04:50+00:00","author":"vvalter","twitter_misc":{"Verfasst von":"vvalter","Gesch\u00e4tzte Lesezeit":"2\u00a0Minuten"},"schema":{"@context":"https:\/\/schema.org","@graph":[{"@type":"Article","@id":"https:\/\/blog.ostwestfalen.ihk.de\/innovation\/2017\/06\/22\/termine-13\/#article","isPartOf":{"@id":"https:\/\/blog.ostwestfalen.ihk.de\/innovation\/2017\/06\/22\/termine-13\/"},"author":{"name":"vvalter","@id":"https:\/\/blog.ostwestfalen.ihk.de\/innovation\/#\/schema\/person\/9b8c0574761b5b328cc98406e6cd9e77"},"headline":"Termine","datePublished":"2017-06-22T11:04:50+00:00","mainEntityOfPage":{"@id":"https:\/\/blog.ostwestfalen.ihk.de\/innovation\/2017\/06\/22\/termine-13\/"},"wordCount":337,"articleSection":["Digitalisierung","IT","Veranstaltungen","Wissenschaft"],"inLanguage":"de"},{"@type":"WebPage","@id":"https:\/\/blog.ostwestfalen.ihk.de\/innovation\/2017\/06\/22\/termine-13\/","url":"https:\/\/blog.ostwestfalen.ihk.de\/innovation\/2017\/06\/22\/termine-13\/","name":"Termine - KnowHow Ostwestfalen","isPartOf":{"@id":"https:\/\/blog.ostwestfalen.ihk.de\/innovation\/#website"},"datePublished":"2017-06-22T11:04:50+00:00","author":{"@id":"https:\/\/blog.ostwestfalen.ihk.de\/innovation\/#\/schema\/person\/9b8c0574761b5b328cc98406e6cd9e77"},"breadcrumb":{"@id":"https:\/\/blog.ostwestfalen.ihk.de\/innovation\/2017\/06\/22\/termine-13\/#breadcrumb"},"inLanguage":"de","potentialAction":[{"@type":"ReadAction","target":["https:\/\/blog.ostwestfalen.ihk.de\/innovation\/2017\/06\/22\/termine-13\/"]}]},{"@type":"BreadcrumbList","@id":"https:\/\/blog.ostwestfalen.ihk.de\/innovation\/2017\/06\/22\/termine-13\/#breadcrumb","itemListElement":[{"@type":"ListItem","position":1,"name":"Home","item":"https:\/\/blog.ostwestfalen.ihk.de\/innovation\/"},{"@type":"ListItem","position":2,"name":"Termine"}]},{"@type":"WebSite","@id":"https:\/\/blog.ostwestfalen.ihk.de\/innovation\/#website","url":"https:\/\/blog.ostwestfalen.ihk.de\/innovation\/","name":"KnowHow Ostwestfalen","description":"Innovation &amp; Technologietransfer","potentialAction":[{"@type":"SearchAction","target":{"@type":"EntryPoint","urlTemplate":"https:\/\/blog.ostwestfalen.ihk.de\/innovation\/?s={search_term_string}"},"query-input":{"@type":"PropertyValueSpecification","valueRequired":true,"valueName":"search_term_string"}}],"inLanguage":"de"},{"@type":"Person","@id":"https:\/\/blog.ostwestfalen.ihk.de\/innovation\/#\/schema\/person\/9b8c0574761b5b328cc98406e6cd9e77","name":"vvalter"}]}},"_links":{"self":[{"href":"https:\/\/blog.ostwestfalen.ihk.de\/innovation\/wp-json\/wp\/v2\/posts\/809","targetHints":{"allow":["GET"]}}],"collection":[{"href":"https:\/\/blog.ostwestfalen.ihk.de\/innovation\/wp-json\/wp\/v2\/posts"}],"about":[{"href":"https:\/\/blog.ostwestfalen.ihk.de\/innovation\/wp-json\/wp\/v2\/types\/post"}],"author":[{"embeddable":true,"href":"https:\/\/blog.ostwestfalen.ihk.de\/innovation\/wp-json\/wp\/v2\/users\/14"}],"replies":[{"embeddable":true,"href":"https:\/\/blog.ostwestfalen.ihk.de\/innovation\/wp-json\/wp\/v2\/comments?post=809"}],"version-history":[{"count":1,"href":"https:\/\/blog.ostwestfalen.ihk.de\/innovation\/wp-json\/wp\/v2\/posts\/809\/revisions"}],"predecessor-version":[{"id":810,"href":"https:\/\/blog.ostwestfalen.ihk.de\/innovation\/wp-json\/wp\/v2\/posts\/809\/revisions\/810"}],"wp:attachment":[{"href":"https:\/\/blog.ostwestfalen.ihk.de\/innovation\/wp-json\/wp\/v2\/media?parent=809"}],"wp:term":[{"taxonomy":"category","embeddable":true,"href":"https:\/\/blog.ostwestfalen.ihk.de\/innovation\/wp-json\/wp\/v2\/categories?post=809"},{"taxonomy":"post_tag","embeddable":true,"href":"https:\/\/blog.ostwestfalen.ihk.de\/innovation\/wp-json\/wp\/v2\/tags?post=809"}],"curies":[{"name":"wp","href":"https:\/\/api.w.org\/{rel}","templated":true}]}}