{"id":634,"date":"2017-02-03T14:37:22","date_gmt":"2017-02-03T13:37:22","guid":{"rendered":"http:\/\/blog.ostwestfalen.ihk.de\/innovation\/?p=634"},"modified":"2017-02-03T14:37:22","modified_gmt":"2017-02-03T13:37:22","slug":"erste-bundesweite-clusterwoche-vom-20-bis-28-april-2017","status":"publish","type":"post","link":"https:\/\/blog.ostwestfalen.ihk.de\/innovation\/2017\/02\/03\/erste-bundesweite-clusterwoche-vom-20-bis-28-april-2017\/","title":{"rendered":"Erste bundesweite Clusterwoche vom 20. bis 28. April 2017"},"content":{"rendered":"<p>Vom 20. bis 28. April 2017 wird erstmalig eine bundesweite Clusterwoche veranstaltet. Die Bundesministerin f\u00fcr Bildung und Forschung Johanna Wanka und der Bundesminister f\u00fcr Wirtschaft und Energie Sigmar Gabriel haben daf\u00fcr die Schirmherrschaft \u00fcbernommen. Die Bundesl\u00e4nder werden sich aktiv an der Gestaltung beteiligen. Er\u00f6ffnet wird die Clusterwoche mit der Jahrestagung des Programms \u201ego-cluster\u201c am 20. April 2017 im BMWi in Berlin.<\/p>\n","protected":false},"excerpt":{"rendered":"<p>Vom 20. bis 28. April 2017 wird erstmalig eine bundesweite Clusterwoche veranstaltet. Die Bundesministerin f\u00fcr Bildung und Forschung Johanna Wanka und der Bundesminister f\u00fcr Wirtschaft und Energie Sigmar Gabriel haben daf\u00fcr die Schirmherrschaft \u00fcbernommen. Die Bundesl\u00e4nder werden sich aktiv an der Gestaltung beteiligen. Er\u00f6ffnet wird die Clusterwoche mit der Jahrestagung des Programms \u201ego-cluster\u201c am 20. [&hellip;]<\/p>\n","protected":false},"author":14,"featured_media":0,"comment_status":"open","ping_status":"open","sticky":false,"template":"","format":"standard","meta":{"footnotes":""},"categories":[121,10],"tags":[],"class_list":["post-634","post","type-post","status-publish","format-standard","hentry","category-forschung","category-veranstaltungen"],"yoast_head":"<!-- This site is optimized with the Yoast SEO plugin v27.5 - https:\/\/yoast.com\/product\/yoast-seo-wordpress\/ -->\n<title>Erste bundesweite Clusterwoche vom 20. bis 28. April 2017 - KnowHow Ostwestfalen<\/title>\n<meta name=\"robots\" content=\"index, follow, max-snippet:-1, max-image-preview:large, max-video-preview:-1\" \/>\n<link rel=\"canonical\" href=\"https:\/\/blog.ostwestfalen.ihk.de\/innovation\/2017\/02\/03\/erste-bundesweite-clusterwoche-vom-20-bis-28-april-2017\/\" \/>\n<meta property=\"og:locale\" content=\"de_DE\" \/>\n<meta property=\"og:type\" content=\"article\" \/>\n<meta property=\"og:title\" content=\"Erste bundesweite Clusterwoche vom 20. bis 28. April 2017 - KnowHow Ostwestfalen\" \/>\n<meta property=\"og:description\" content=\"Vom 20. bis 28. April 2017 wird erstmalig eine bundesweite Clusterwoche veranstaltet. Die Bundesministerin f\u00fcr Bildung und Forschung Johanna Wanka und der Bundesminister f\u00fcr Wirtschaft und Energie Sigmar Gabriel haben daf\u00fcr die Schirmherrschaft \u00fcbernommen. Die Bundesl\u00e4nder werden sich aktiv an der Gestaltung beteiligen. Er\u00f6ffnet wird die Clusterwoche mit der Jahrestagung des Programms \u201ego-cluster\u201c am 20. [&hellip;]\" \/>\n<meta property=\"og:url\" content=\"https:\/\/blog.ostwestfalen.ihk.de\/innovation\/2017\/02\/03\/erste-bundesweite-clusterwoche-vom-20-bis-28-april-2017\/\" \/>\n<meta property=\"og:site_name\" content=\"KnowHow Ostwestfalen\" \/>\n<meta property=\"article:published_time\" content=\"2017-02-03T13:37:22+00:00\" \/>\n<meta name=\"author\" content=\"vvalter\" \/>\n<meta name=\"twitter:label1\" content=\"Verfasst von\" \/>\n\t<meta name=\"twitter:data1\" content=\"vvalter\" \/>\n<script type=\"application\/ld+json\" class=\"yoast-schema-graph\">{\"@context\":\"https:\\\/\\\/schema.org\",\"@graph\":[{\"@type\":\"Article\",\"@id\":\"https:\\\/\\\/blog.ostwestfalen.ihk.de\\\/innovation\\\/2017\\\/02\\\/03\\\/erste-bundesweite-clusterwoche-vom-20-bis-28-april-2017\\\/#article\",\"isPartOf\":{\"@id\":\"https:\\\/\\\/blog.ostwestfalen.ihk.de\\\/innovation\\\/2017\\\/02\\\/03\\\/erste-bundesweite-clusterwoche-vom-20-bis-28-april-2017\\\/\"},\"author\":{\"name\":\"vvalter\",\"@id\":\"https:\\\/\\\/blog.ostwestfalen.ihk.de\\\/innovation\\\/#\\\/schema\\\/person\\\/9b8c0574761b5b328cc98406e6cd9e77\"},\"headline\":\"Erste bundesweite Clusterwoche vom 20. bis 28. April 2017\",\"datePublished\":\"2017-02-03T13:37:22+00:00\",\"mainEntityOfPage\":{\"@id\":\"https:\\\/\\\/blog.ostwestfalen.ihk.de\\\/innovation\\\/2017\\\/02\\\/03\\\/erste-bundesweite-clusterwoche-vom-20-bis-28-april-2017\\\/\"},\"wordCount\":67,\"commentCount\":0,\"articleSection\":[\"Forschung\",\"Veranstaltungen\"],\"inLanguage\":\"de\",\"potentialAction\":[{\"@type\":\"CommentAction\",\"name\":\"Comment\",\"target\":[\"https:\\\/\\\/blog.ostwestfalen.ihk.de\\\/innovation\\\/2017\\\/02\\\/03\\\/erste-bundesweite-clusterwoche-vom-20-bis-28-april-2017\\\/#respond\"]}]},{\"@type\":\"WebPage\",\"@id\":\"https:\\\/\\\/blog.ostwestfalen.ihk.de\\\/innovation\\\/2017\\\/02\\\/03\\\/erste-bundesweite-clusterwoche-vom-20-bis-28-april-2017\\\/\",\"url\":\"https:\\\/\\\/blog.ostwestfalen.ihk.de\\\/innovation\\\/2017\\\/02\\\/03\\\/erste-bundesweite-clusterwoche-vom-20-bis-28-april-2017\\\/\",\"name\":\"Erste bundesweite Clusterwoche vom 20. bis 28. April 2017 - KnowHow Ostwestfalen\",\"isPartOf\":{\"@id\":\"https:\\\/\\\/blog.ostwestfalen.ihk.de\\\/innovation\\\/#website\"},\"datePublished\":\"2017-02-03T13:37:22+00:00\",\"author\":{\"@id\":\"https:\\\/\\\/blog.ostwestfalen.ihk.de\\\/innovation\\\/#\\\/schema\\\/person\\\/9b8c0574761b5b328cc98406e6cd9e77\"},\"breadcrumb\":{\"@id\":\"https:\\\/\\\/blog.ostwestfalen.ihk.de\\\/innovation\\\/2017\\\/02\\\/03\\\/erste-bundesweite-clusterwoche-vom-20-bis-28-april-2017\\\/#breadcrumb\"},\"inLanguage\":\"de\",\"potentialAction\":[{\"@type\":\"ReadAction\",\"target\":[\"https:\\\/\\\/blog.ostwestfalen.ihk.de\\\/innovation\\\/2017\\\/02\\\/03\\\/erste-bundesweite-clusterwoche-vom-20-bis-28-april-2017\\\/\"]}]},{\"@type\":\"BreadcrumbList\",\"@id\":\"https:\\\/\\\/blog.ostwestfalen.ihk.de\\\/innovation\\\/2017\\\/02\\\/03\\\/erste-bundesweite-clusterwoche-vom-20-bis-28-april-2017\\\/#breadcrumb\",\"itemListElement\":[{\"@type\":\"ListItem\",\"position\":1,\"name\":\"Home\",\"item\":\"https:\\\/\\\/blog.ostwestfalen.ihk.de\\\/innovation\\\/\"},{\"@type\":\"ListItem\",\"position\":2,\"name\":\"Erste bundesweite Clusterwoche vom 20. bis 28. April 2017\"}]},{\"@type\":\"WebSite\",\"@id\":\"https:\\\/\\\/blog.ostwestfalen.ihk.de\\\/innovation\\\/#website\",\"url\":\"https:\\\/\\\/blog.ostwestfalen.ihk.de\\\/innovation\\\/\",\"name\":\"KnowHow Ostwestfalen\",\"description\":\"Innovation &amp; Technologietransfer\",\"potentialAction\":[{\"@type\":\"SearchAction\",\"target\":{\"@type\":\"EntryPoint\",\"urlTemplate\":\"https:\\\/\\\/blog.ostwestfalen.ihk.de\\\/innovation\\\/?s={search_term_string}\"},\"query-input\":{\"@type\":\"PropertyValueSpecification\",\"valueRequired\":true,\"valueName\":\"search_term_string\"}}],\"inLanguage\":\"de\"},{\"@type\":\"Person\",\"@id\":\"https:\\\/\\\/blog.ostwestfalen.ihk.de\\\/innovation\\\/#\\\/schema\\\/person\\\/9b8c0574761b5b328cc98406e6cd9e77\",\"name\":\"vvalter\"}]}<\/script>\n<!-- \/ Yoast SEO plugin. -->","yoast_head_json":{"title":"Erste bundesweite Clusterwoche vom 20. bis 28. April 2017 - KnowHow Ostwestfalen","robots":{"index":"index","follow":"follow","max-snippet":"max-snippet:-1","max-image-preview":"max-image-preview:large","max-video-preview":"max-video-preview:-1"},"canonical":"https:\/\/blog.ostwestfalen.ihk.de\/innovation\/2017\/02\/03\/erste-bundesweite-clusterwoche-vom-20-bis-28-april-2017\/","og_locale":"de_DE","og_type":"article","og_title":"Erste bundesweite Clusterwoche vom 20. bis 28. April 2017 - KnowHow Ostwestfalen","og_description":"Vom 20. bis 28. April 2017 wird erstmalig eine bundesweite Clusterwoche veranstaltet. Die Bundesministerin f\u00fcr Bildung und Forschung Johanna Wanka und der Bundesminister f\u00fcr Wirtschaft und Energie Sigmar Gabriel haben daf\u00fcr die Schirmherrschaft \u00fcbernommen. Die Bundesl\u00e4nder werden sich aktiv an der Gestaltung beteiligen. Er\u00f6ffnet wird die Clusterwoche mit der Jahrestagung des Programms \u201ego-cluster\u201c am 20. [&hellip;]","og_url":"https:\/\/blog.ostwestfalen.ihk.de\/innovation\/2017\/02\/03\/erste-bundesweite-clusterwoche-vom-20-bis-28-april-2017\/","og_site_name":"KnowHow Ostwestfalen","article_published_time":"2017-02-03T13:37:22+00:00","author":"vvalter","twitter_misc":{"Verfasst von":"vvalter"},"schema":{"@context":"https:\/\/schema.org","@graph":[{"@type":"Article","@id":"https:\/\/blog.ostwestfalen.ihk.de\/innovation\/2017\/02\/03\/erste-bundesweite-clusterwoche-vom-20-bis-28-april-2017\/#article","isPartOf":{"@id":"https:\/\/blog.ostwestfalen.ihk.de\/innovation\/2017\/02\/03\/erste-bundesweite-clusterwoche-vom-20-bis-28-april-2017\/"},"author":{"name":"vvalter","@id":"https:\/\/blog.ostwestfalen.ihk.de\/innovation\/#\/schema\/person\/9b8c0574761b5b328cc98406e6cd9e77"},"headline":"Erste bundesweite Clusterwoche vom 20. bis 28. April 2017","datePublished":"2017-02-03T13:37:22+00:00","mainEntityOfPage":{"@id":"https:\/\/blog.ostwestfalen.ihk.de\/innovation\/2017\/02\/03\/erste-bundesweite-clusterwoche-vom-20-bis-28-april-2017\/"},"wordCount":67,"commentCount":0,"articleSection":["Forschung","Veranstaltungen"],"inLanguage":"de","potentialAction":[{"@type":"CommentAction","name":"Comment","target":["https:\/\/blog.ostwestfalen.ihk.de\/innovation\/2017\/02\/03\/erste-bundesweite-clusterwoche-vom-20-bis-28-april-2017\/#respond"]}]},{"@type":"WebPage","@id":"https:\/\/blog.ostwestfalen.ihk.de\/innovation\/2017\/02\/03\/erste-bundesweite-clusterwoche-vom-20-bis-28-april-2017\/","url":"https:\/\/blog.ostwestfalen.ihk.de\/innovation\/2017\/02\/03\/erste-bundesweite-clusterwoche-vom-20-bis-28-april-2017\/","name":"Erste bundesweite Clusterwoche vom 20. bis 28. April 2017 - KnowHow Ostwestfalen","isPartOf":{"@id":"https:\/\/blog.ostwestfalen.ihk.de\/innovation\/#website"},"datePublished":"2017-02-03T13:37:22+00:00","author":{"@id":"https:\/\/blog.ostwestfalen.ihk.de\/innovation\/#\/schema\/person\/9b8c0574761b5b328cc98406e6cd9e77"},"breadcrumb":{"@id":"https:\/\/blog.ostwestfalen.ihk.de\/innovation\/2017\/02\/03\/erste-bundesweite-clusterwoche-vom-20-bis-28-april-2017\/#breadcrumb"},"inLanguage":"de","potentialAction":[{"@type":"ReadAction","target":["https:\/\/blog.ostwestfalen.ihk.de\/innovation\/2017\/02\/03\/erste-bundesweite-clusterwoche-vom-20-bis-28-april-2017\/"]}]},{"@type":"BreadcrumbList","@id":"https:\/\/blog.ostwestfalen.ihk.de\/innovation\/2017\/02\/03\/erste-bundesweite-clusterwoche-vom-20-bis-28-april-2017\/#breadcrumb","itemListElement":[{"@type":"ListItem","position":1,"name":"Home","item":"https:\/\/blog.ostwestfalen.ihk.de\/innovation\/"},{"@type":"ListItem","position":2,"name":"Erste bundesweite Clusterwoche vom 20. bis 28. April 2017"}]},{"@type":"WebSite","@id":"https:\/\/blog.ostwestfalen.ihk.de\/innovation\/#website","url":"https:\/\/blog.ostwestfalen.ihk.de\/innovation\/","name":"KnowHow Ostwestfalen","description":"Innovation &amp; Technologietransfer","potentialAction":[{"@type":"SearchAction","target":{"@type":"EntryPoint","urlTemplate":"https:\/\/blog.ostwestfalen.ihk.de\/innovation\/?s={search_term_string}"},"query-input":{"@type":"PropertyValueSpecification","valueRequired":true,"valueName":"search_term_string"}}],"inLanguage":"de"},{"@type":"Person","@id":"https:\/\/blog.ostwestfalen.ihk.de\/innovation\/#\/schema\/person\/9b8c0574761b5b328cc98406e6cd9e77","name":"vvalter"}]}},"_links":{"self":[{"href":"https:\/\/blog.ostwestfalen.ihk.de\/innovation\/wp-json\/wp\/v2\/posts\/634","targetHints":{"allow":["GET"]}}],"collection":[{"href":"https:\/\/blog.ostwestfalen.ihk.de\/innovation\/wp-json\/wp\/v2\/posts"}],"about":[{"href":"https:\/\/blog.ostwestfalen.ihk.de\/innovation\/wp-json\/wp\/v2\/types\/post"}],"author":[{"embeddable":true,"href":"https:\/\/blog.ostwestfalen.ihk.de\/innovation\/wp-json\/wp\/v2\/users\/14"}],"replies":[{"embeddable":true,"href":"https:\/\/blog.ostwestfalen.ihk.de\/innovation\/wp-json\/wp\/v2\/comments?post=634"}],"version-history":[{"count":1,"href":"https:\/\/blog.ostwestfalen.ihk.de\/innovation\/wp-json\/wp\/v2\/posts\/634\/revisions"}],"predecessor-version":[{"id":635,"href":"https:\/\/blog.ostwestfalen.ihk.de\/innovation\/wp-json\/wp\/v2\/posts\/634\/revisions\/635"}],"wp:attachment":[{"href":"https:\/\/blog.ostwestfalen.ihk.de\/innovation\/wp-json\/wp\/v2\/media?parent=634"}],"wp:term":[{"taxonomy":"category","embeddable":true,"href":"https:\/\/blog.ostwestfalen.ihk.de\/innovation\/wp-json\/wp\/v2\/categories?post=634"},{"taxonomy":"post_tag","embeddable":true,"href":"https:\/\/blog.ostwestfalen.ihk.de\/innovation\/wp-json\/wp\/v2\/tags?post=634"}],"curies":[{"name":"wp","href":"https:\/\/api.w.org\/{rel}","templated":true}]}}