{"id":227,"date":"2016-04-22T10:58:36","date_gmt":"2016-04-22T08:58:36","guid":{"rendered":"http:\/\/blog.ostwestfalen.ihk.de\/innovation\/?p=227"},"modified":"2016-04-22T10:58:36","modified_gmt":"2016-04-22T08:58:36","slug":"die-7-nrw-nano-konferenz","status":"publish","type":"post","link":"https:\/\/blog.ostwestfalen.ihk.de\/innovation\/2016\/04\/22\/die-7-nrw-nano-konferenz\/","title":{"rendered":"Die 7. NRW Nano-Konferenz"},"content":{"rendered":"<p>Der Termin des\u00a0 Szenetreffs der Nanotechnologie-Branche steht fest: Vom 7. bis 8. Dezember 2016 geht die NRW Nano-Konferenz in M\u00fcnster in die siebte Runde. G\u00e4ste aus Wirtschaft, Wissenschaft und Politik sind herzlich eingeladen, in einen bereichernden interdisziplin\u00e4ren Dialog \u00fcber Chancen, Risiken und Potenziale der Nanotechnologie zu treten. Die im 2-Jahres-Turnus stattfindende Konferenz bietet zwei Tage lang Fachvortr\u00e4ge hochkar\u00e4tiger Referenten aus Unternehmen und Forschungsinstituten zu aktuellen Trends der Nanotechnologie. Auf der Begleitausstellung und der Posterausstellung stellen zudem Branchenexperten ihre neusten Technologieentwicklungen und Produkte vor. Erwartet werden rund 600 internationale Expertinnen und Experten. Die 7. NRW-Nanokonferenz 2016 gibt dieses Jahr au\u00dferdem mit dem &#8222;Call for Presentations&#8220; erneut Personen, die sich f\u00fcr die Zukunftstechnologie begeistern, die Chance, ihre Projekte und Ideen auf der Veranstaltung zu pr\u00e4sentieren. Au\u00dferdem findet erstmals auch ein &#8222;Call for Posters&#8220; statt.<br \/>\n<a href=\"http:\/\/www.nmwp.nrw.de\/nanokonferenz\" target=\"_blank\">http:\/\/www.nmwp.nrw.de\/nanokonferenz<\/a><\/p>\n","protected":false},"excerpt":{"rendered":"<p>Der Termin des\u00a0 Szenetreffs der Nanotechnologie-Branche steht fest: Vom 7. bis 8. Dezember 2016 geht die NRW Nano-Konferenz in M\u00fcnster in die siebte Runde. G\u00e4ste aus Wirtschaft, Wissenschaft und Politik sind herzlich eingeladen, in einen bereichernden interdisziplin\u00e4ren Dialog \u00fcber Chancen, Risiken und Potenziale der Nanotechnologie zu treten. Die im 2-Jahres-Turnus stattfindende Konferenz bietet zwei Tage [&hellip;]<\/p>\n","protected":false},"author":14,"featured_media":0,"comment_status":"open","ping_status":"open","sticky":false,"template":"","format":"standard","meta":{"footnotes":""},"categories":[1,10],"tags":[79],"class_list":["post-227","post","type-post","status-publish","format-standard","hentry","category-allgemein","category-veranstaltungen","tag-nanotechnologie"],"yoast_head":"<!-- This site is optimized with the Yoast SEO plugin v27.5 - https:\/\/yoast.com\/product\/yoast-seo-wordpress\/ -->\n<title>Die 7. NRW Nano-Konferenz - KnowHow Ostwestfalen<\/title>\n<meta name=\"robots\" content=\"index, follow, max-snippet:-1, max-image-preview:large, max-video-preview:-1\" \/>\n<link rel=\"canonical\" href=\"https:\/\/blog.ostwestfalen.ihk.de\/innovation\/2016\/04\/22\/die-7-nrw-nano-konferenz\/\" \/>\n<meta property=\"og:locale\" content=\"de_DE\" \/>\n<meta property=\"og:type\" content=\"article\" \/>\n<meta property=\"og:title\" content=\"Die 7. NRW Nano-Konferenz - KnowHow Ostwestfalen\" \/>\n<meta property=\"og:description\" content=\"Der Termin des\u00a0 Szenetreffs der Nanotechnologie-Branche steht fest: Vom 7. bis 8. Dezember 2016 geht die NRW Nano-Konferenz in M\u00fcnster in die siebte Runde. G\u00e4ste aus Wirtschaft, Wissenschaft und Politik sind herzlich eingeladen, in einen bereichernden interdisziplin\u00e4ren Dialog \u00fcber Chancen, Risiken und Potenziale der Nanotechnologie zu treten. Die im 2-Jahres-Turnus stattfindende Konferenz bietet zwei Tage [&hellip;]\" \/>\n<meta property=\"og:url\" content=\"https:\/\/blog.ostwestfalen.ihk.de\/innovation\/2016\/04\/22\/die-7-nrw-nano-konferenz\/\" \/>\n<meta property=\"og:site_name\" content=\"KnowHow Ostwestfalen\" \/>\n<meta property=\"article:published_time\" content=\"2016-04-22T08:58:36+00:00\" \/>\n<meta name=\"author\" content=\"vvalter\" \/>\n<meta name=\"twitter:label1\" content=\"Verfasst von\" \/>\n\t<meta name=\"twitter:data1\" content=\"vvalter\" \/>\n\t<meta name=\"twitter:label2\" content=\"Gesch\u00e4tzte Lesezeit\" \/>\n\t<meta name=\"twitter:data2\" content=\"1\u00a0Minute\" \/>\n<script type=\"application\/ld+json\" class=\"yoast-schema-graph\">{\"@context\":\"https:\\\/\\\/schema.org\",\"@graph\":[{\"@type\":\"Article\",\"@id\":\"https:\\\/\\\/blog.ostwestfalen.ihk.de\\\/innovation\\\/2016\\\/04\\\/22\\\/die-7-nrw-nano-konferenz\\\/#article\",\"isPartOf\":{\"@id\":\"https:\\\/\\\/blog.ostwestfalen.ihk.de\\\/innovation\\\/2016\\\/04\\\/22\\\/die-7-nrw-nano-konferenz\\\/\"},\"author\":{\"name\":\"vvalter\",\"@id\":\"https:\\\/\\\/blog.ostwestfalen.ihk.de\\\/innovation\\\/#\\\/schema\\\/person\\\/9b8c0574761b5b328cc98406e6cd9e77\"},\"headline\":\"Die 7. NRW Nano-Konferenz\",\"datePublished\":\"2016-04-22T08:58:36+00:00\",\"mainEntityOfPage\":{\"@id\":\"https:\\\/\\\/blog.ostwestfalen.ihk.de\\\/innovation\\\/2016\\\/04\\\/22\\\/die-7-nrw-nano-konferenz\\\/\"},\"wordCount\":144,\"commentCount\":0,\"keywords\":[\"Nanotechnologie\"],\"articleSection\":{\"1\":\"Veranstaltungen\"},\"inLanguage\":\"de\",\"potentialAction\":[{\"@type\":\"CommentAction\",\"name\":\"Comment\",\"target\":[\"https:\\\/\\\/blog.ostwestfalen.ihk.de\\\/innovation\\\/2016\\\/04\\\/22\\\/die-7-nrw-nano-konferenz\\\/#respond\"]}]},{\"@type\":\"WebPage\",\"@id\":\"https:\\\/\\\/blog.ostwestfalen.ihk.de\\\/innovation\\\/2016\\\/04\\\/22\\\/die-7-nrw-nano-konferenz\\\/\",\"url\":\"https:\\\/\\\/blog.ostwestfalen.ihk.de\\\/innovation\\\/2016\\\/04\\\/22\\\/die-7-nrw-nano-konferenz\\\/\",\"name\":\"Die 7. NRW Nano-Konferenz - KnowHow Ostwestfalen\",\"isPartOf\":{\"@id\":\"https:\\\/\\\/blog.ostwestfalen.ihk.de\\\/innovation\\\/#website\"},\"datePublished\":\"2016-04-22T08:58:36+00:00\",\"author\":{\"@id\":\"https:\\\/\\\/blog.ostwestfalen.ihk.de\\\/innovation\\\/#\\\/schema\\\/person\\\/9b8c0574761b5b328cc98406e6cd9e77\"},\"breadcrumb\":{\"@id\":\"https:\\\/\\\/blog.ostwestfalen.ihk.de\\\/innovation\\\/2016\\\/04\\\/22\\\/die-7-nrw-nano-konferenz\\\/#breadcrumb\"},\"inLanguage\":\"de\",\"potentialAction\":[{\"@type\":\"ReadAction\",\"target\":[\"https:\\\/\\\/blog.ostwestfalen.ihk.de\\\/innovation\\\/2016\\\/04\\\/22\\\/die-7-nrw-nano-konferenz\\\/\"]}]},{\"@type\":\"BreadcrumbList\",\"@id\":\"https:\\\/\\\/blog.ostwestfalen.ihk.de\\\/innovation\\\/2016\\\/04\\\/22\\\/die-7-nrw-nano-konferenz\\\/#breadcrumb\",\"itemListElement\":[{\"@type\":\"ListItem\",\"position\":1,\"name\":\"Home\",\"item\":\"https:\\\/\\\/blog.ostwestfalen.ihk.de\\\/innovation\\\/\"},{\"@type\":\"ListItem\",\"position\":2,\"name\":\"Die 7. NRW Nano-Konferenz\"}]},{\"@type\":\"WebSite\",\"@id\":\"https:\\\/\\\/blog.ostwestfalen.ihk.de\\\/innovation\\\/#website\",\"url\":\"https:\\\/\\\/blog.ostwestfalen.ihk.de\\\/innovation\\\/\",\"name\":\"KnowHow Ostwestfalen\",\"description\":\"Innovation &amp; Technologietransfer\",\"potentialAction\":[{\"@type\":\"SearchAction\",\"target\":{\"@type\":\"EntryPoint\",\"urlTemplate\":\"https:\\\/\\\/blog.ostwestfalen.ihk.de\\\/innovation\\\/?s={search_term_string}\"},\"query-input\":{\"@type\":\"PropertyValueSpecification\",\"valueRequired\":true,\"valueName\":\"search_term_string\"}}],\"inLanguage\":\"de\"},{\"@type\":\"Person\",\"@id\":\"https:\\\/\\\/blog.ostwestfalen.ihk.de\\\/innovation\\\/#\\\/schema\\\/person\\\/9b8c0574761b5b328cc98406e6cd9e77\",\"name\":\"vvalter\"}]}<\/script>\n<!-- \/ Yoast SEO plugin. -->","yoast_head_json":{"title":"Die 7. NRW Nano-Konferenz - KnowHow Ostwestfalen","robots":{"index":"index","follow":"follow","max-snippet":"max-snippet:-1","max-image-preview":"max-image-preview:large","max-video-preview":"max-video-preview:-1"},"canonical":"https:\/\/blog.ostwestfalen.ihk.de\/innovation\/2016\/04\/22\/die-7-nrw-nano-konferenz\/","og_locale":"de_DE","og_type":"article","og_title":"Die 7. NRW Nano-Konferenz - KnowHow Ostwestfalen","og_description":"Der Termin des\u00a0 Szenetreffs der Nanotechnologie-Branche steht fest: Vom 7. bis 8. Dezember 2016 geht die NRW Nano-Konferenz in M\u00fcnster in die siebte Runde. G\u00e4ste aus Wirtschaft, Wissenschaft und Politik sind herzlich eingeladen, in einen bereichernden interdisziplin\u00e4ren Dialog \u00fcber Chancen, Risiken und Potenziale der Nanotechnologie zu treten. Die im 2-Jahres-Turnus stattfindende Konferenz bietet zwei Tage [&hellip;]","og_url":"https:\/\/blog.ostwestfalen.ihk.de\/innovation\/2016\/04\/22\/die-7-nrw-nano-konferenz\/","og_site_name":"KnowHow Ostwestfalen","article_published_time":"2016-04-22T08:58:36+00:00","author":"vvalter","twitter_misc":{"Verfasst von":"vvalter","Gesch\u00e4tzte Lesezeit":"1\u00a0Minute"},"schema":{"@context":"https:\/\/schema.org","@graph":[{"@type":"Article","@id":"https:\/\/blog.ostwestfalen.ihk.de\/innovation\/2016\/04\/22\/die-7-nrw-nano-konferenz\/#article","isPartOf":{"@id":"https:\/\/blog.ostwestfalen.ihk.de\/innovation\/2016\/04\/22\/die-7-nrw-nano-konferenz\/"},"author":{"name":"vvalter","@id":"https:\/\/blog.ostwestfalen.ihk.de\/innovation\/#\/schema\/person\/9b8c0574761b5b328cc98406e6cd9e77"},"headline":"Die 7. NRW Nano-Konferenz","datePublished":"2016-04-22T08:58:36+00:00","mainEntityOfPage":{"@id":"https:\/\/blog.ostwestfalen.ihk.de\/innovation\/2016\/04\/22\/die-7-nrw-nano-konferenz\/"},"wordCount":144,"commentCount":0,"keywords":["Nanotechnologie"],"articleSection":{"1":"Veranstaltungen"},"inLanguage":"de","potentialAction":[{"@type":"CommentAction","name":"Comment","target":["https:\/\/blog.ostwestfalen.ihk.de\/innovation\/2016\/04\/22\/die-7-nrw-nano-konferenz\/#respond"]}]},{"@type":"WebPage","@id":"https:\/\/blog.ostwestfalen.ihk.de\/innovation\/2016\/04\/22\/die-7-nrw-nano-konferenz\/","url":"https:\/\/blog.ostwestfalen.ihk.de\/innovation\/2016\/04\/22\/die-7-nrw-nano-konferenz\/","name":"Die 7. NRW Nano-Konferenz - KnowHow Ostwestfalen","isPartOf":{"@id":"https:\/\/blog.ostwestfalen.ihk.de\/innovation\/#website"},"datePublished":"2016-04-22T08:58:36+00:00","author":{"@id":"https:\/\/blog.ostwestfalen.ihk.de\/innovation\/#\/schema\/person\/9b8c0574761b5b328cc98406e6cd9e77"},"breadcrumb":{"@id":"https:\/\/blog.ostwestfalen.ihk.de\/innovation\/2016\/04\/22\/die-7-nrw-nano-konferenz\/#breadcrumb"},"inLanguage":"de","potentialAction":[{"@type":"ReadAction","target":["https:\/\/blog.ostwestfalen.ihk.de\/innovation\/2016\/04\/22\/die-7-nrw-nano-konferenz\/"]}]},{"@type":"BreadcrumbList","@id":"https:\/\/blog.ostwestfalen.ihk.de\/innovation\/2016\/04\/22\/die-7-nrw-nano-konferenz\/#breadcrumb","itemListElement":[{"@type":"ListItem","position":1,"name":"Home","item":"https:\/\/blog.ostwestfalen.ihk.de\/innovation\/"},{"@type":"ListItem","position":2,"name":"Die 7. NRW Nano-Konferenz"}]},{"@type":"WebSite","@id":"https:\/\/blog.ostwestfalen.ihk.de\/innovation\/#website","url":"https:\/\/blog.ostwestfalen.ihk.de\/innovation\/","name":"KnowHow Ostwestfalen","description":"Innovation &amp; Technologietransfer","potentialAction":[{"@type":"SearchAction","target":{"@type":"EntryPoint","urlTemplate":"https:\/\/blog.ostwestfalen.ihk.de\/innovation\/?s={search_term_string}"},"query-input":{"@type":"PropertyValueSpecification","valueRequired":true,"valueName":"search_term_string"}}],"inLanguage":"de"},{"@type":"Person","@id":"https:\/\/blog.ostwestfalen.ihk.de\/innovation\/#\/schema\/person\/9b8c0574761b5b328cc98406e6cd9e77","name":"vvalter"}]}},"_links":{"self":[{"href":"https:\/\/blog.ostwestfalen.ihk.de\/innovation\/wp-json\/wp\/v2\/posts\/227","targetHints":{"allow":["GET"]}}],"collection":[{"href":"https:\/\/blog.ostwestfalen.ihk.de\/innovation\/wp-json\/wp\/v2\/posts"}],"about":[{"href":"https:\/\/blog.ostwestfalen.ihk.de\/innovation\/wp-json\/wp\/v2\/types\/post"}],"author":[{"embeddable":true,"href":"https:\/\/blog.ostwestfalen.ihk.de\/innovation\/wp-json\/wp\/v2\/users\/14"}],"replies":[{"embeddable":true,"href":"https:\/\/blog.ostwestfalen.ihk.de\/innovation\/wp-json\/wp\/v2\/comments?post=227"}],"version-history":[{"count":1,"href":"https:\/\/blog.ostwestfalen.ihk.de\/innovation\/wp-json\/wp\/v2\/posts\/227\/revisions"}],"predecessor-version":[{"id":228,"href":"https:\/\/blog.ostwestfalen.ihk.de\/innovation\/wp-json\/wp\/v2\/posts\/227\/revisions\/228"}],"wp:attachment":[{"href":"https:\/\/blog.ostwestfalen.ihk.de\/innovation\/wp-json\/wp\/v2\/media?parent=227"}],"wp:term":[{"taxonomy":"category","embeddable":true,"href":"https:\/\/blog.ostwestfalen.ihk.de\/innovation\/wp-json\/wp\/v2\/categories?post=227"},{"taxonomy":"post_tag","embeddable":true,"href":"https:\/\/blog.ostwestfalen.ihk.de\/innovation\/wp-json\/wp\/v2\/tags?post=227"}],"curies":[{"name":"wp","href":"https:\/\/api.w.org\/{rel}","templated":true}]}}