{"id":132,"date":"2016-02-11T08:29:43","date_gmt":"2016-02-11T07:29:43","guid":{"rendered":"http:\/\/blog.ostwestfalen.ihk.de\/innovation\/?p=132"},"modified":"2016-02-11T08:29:43","modified_gmt":"2016-02-11T07:29:43","slug":"paderborn-ist-informatik-als-gemeinnuetziger-verein-gegruendet","status":"publish","type":"post","link":"https:\/\/blog.ostwestfalen.ihk.de\/innovation\/2016\/02\/11\/paderborn-ist-informatik-als-gemeinnuetziger-verein-gegruendet\/","title":{"rendered":"\u201cPaderborn ist Informatik\u201d als gemeinn\u00fctziger Verein gegr\u00fcndet"},"content":{"rendered":"<p>Zw\u00f6lf Paderborner IT-Unternehmen und drei IT-Bildungseinrichtungen haben am 20. Januar 2016 den Verein \u201ePaderborn ist Informatik\u201c gegr\u00fcndet. Die f\u00fcnfzehn Gr\u00fcndungsmitglieder besch\u00e4ftigen mehr als 800 Mitarbeiter. Als Vorst\u00e4nde wurden Christina Zweigle, Connext GmbH und Uwe Ulbrich, Net at Work GmbH gew\u00e4hlt. Gemeinsam verfolgen die Vereinsmitglieder ein Ziel, die Informatik als Wissenschaft zu f\u00f6rdern, vor allem aber den Nachwuchs f\u00fcr die vielf\u00e4ltigen IT-Berufe zu begeistern.<br \/>\n<a href=\"http:\/\/paderborn-ist-informatik.de\/\" target=\"_blank\">http:\/\/paderborn-ist-informatik.de\/<\/a><\/p>\n","protected":false},"excerpt":{"rendered":"<p>Zw\u00f6lf Paderborner IT-Unternehmen und drei IT-Bildungseinrichtungen haben am 20. Januar 2016 den Verein \u201ePaderborn ist Informatik\u201c gegr\u00fcndet. Die f\u00fcnfzehn Gr\u00fcndungsmitglieder besch\u00e4ftigen mehr als 800 Mitarbeiter. Als Vorst\u00e4nde wurden Christina Zweigle, Connext GmbH und Uwe Ulbrich, Net at Work GmbH gew\u00e4hlt. Gemeinsam verfolgen die Vereinsmitglieder ein Ziel, die Informatik als Wissenschaft zu f\u00f6rdern, vor allem aber [&hellip;]<\/p>\n","protected":false},"author":14,"featured_media":0,"comment_status":"open","ping_status":"open","sticky":false,"template":"","format":"standard","meta":{"footnotes":""},"categories":[1],"tags":[],"class_list":["post-132","post","type-post","status-publish","format-standard","hentry","category-allgemein"],"yoast_head":"<!-- This site is optimized with the Yoast SEO plugin v27.5 - https:\/\/yoast.com\/product\/yoast-seo-wordpress\/ -->\n<title>\u201cPaderborn ist Informatik\u201d als gemeinn\u00fctziger Verein gegr\u00fcndet - KnowHow Ostwestfalen<\/title>\n<meta name=\"robots\" content=\"index, follow, max-snippet:-1, max-image-preview:large, max-video-preview:-1\" \/>\n<link rel=\"canonical\" href=\"https:\/\/blog.ostwestfalen.ihk.de\/innovation\/2016\/02\/11\/paderborn-ist-informatik-als-gemeinnuetziger-verein-gegruendet\/\" \/>\n<meta property=\"og:locale\" content=\"de_DE\" \/>\n<meta property=\"og:type\" content=\"article\" \/>\n<meta property=\"og:title\" content=\"\u201cPaderborn ist Informatik\u201d als gemeinn\u00fctziger Verein gegr\u00fcndet - KnowHow Ostwestfalen\" \/>\n<meta property=\"og:description\" content=\"Zw\u00f6lf Paderborner IT-Unternehmen und drei IT-Bildungseinrichtungen haben am 20. Januar 2016 den Verein \u201ePaderborn ist Informatik\u201c gegr\u00fcndet. Die f\u00fcnfzehn Gr\u00fcndungsmitglieder besch\u00e4ftigen mehr als 800 Mitarbeiter. Als Vorst\u00e4nde wurden Christina Zweigle, Connext GmbH und Uwe Ulbrich, Net at Work GmbH gew\u00e4hlt. Gemeinsam verfolgen die Vereinsmitglieder ein Ziel, die Informatik als Wissenschaft zu f\u00f6rdern, vor allem aber [&hellip;]\" \/>\n<meta property=\"og:url\" content=\"https:\/\/blog.ostwestfalen.ihk.de\/innovation\/2016\/02\/11\/paderborn-ist-informatik-als-gemeinnuetziger-verein-gegruendet\/\" \/>\n<meta property=\"og:site_name\" content=\"KnowHow Ostwestfalen\" \/>\n<meta property=\"article:published_time\" content=\"2016-02-11T07:29:43+00:00\" \/>\n<meta name=\"author\" content=\"vvalter\" \/>\n<meta name=\"twitter:label1\" content=\"Verfasst von\" \/>\n\t<meta name=\"twitter:data1\" content=\"vvalter\" \/>\n<script type=\"application\/ld+json\" class=\"yoast-schema-graph\">{\"@context\":\"https:\\\/\\\/schema.org\",\"@graph\":[{\"@type\":\"Article\",\"@id\":\"https:\\\/\\\/blog.ostwestfalen.ihk.de\\\/innovation\\\/2016\\\/02\\\/11\\\/paderborn-ist-informatik-als-gemeinnuetziger-verein-gegruendet\\\/#article\",\"isPartOf\":{\"@id\":\"https:\\\/\\\/blog.ostwestfalen.ihk.de\\\/innovation\\\/2016\\\/02\\\/11\\\/paderborn-ist-informatik-als-gemeinnuetziger-verein-gegruendet\\\/\"},\"author\":{\"name\":\"vvalter\",\"@id\":\"https:\\\/\\\/blog.ostwestfalen.ihk.de\\\/innovation\\\/#\\\/schema\\\/person\\\/9b8c0574761b5b328cc98406e6cd9e77\"},\"headline\":\"\u201cPaderborn ist Informatik\u201d als gemeinn\u00fctziger Verein gegr\u00fcndet\",\"datePublished\":\"2016-02-11T07:29:43+00:00\",\"mainEntityOfPage\":{\"@id\":\"https:\\\/\\\/blog.ostwestfalen.ihk.de\\\/innovation\\\/2016\\\/02\\\/11\\\/paderborn-ist-informatik-als-gemeinnuetziger-verein-gegruendet\\\/\"},\"wordCount\":82,\"commentCount\":0,\"inLanguage\":\"de\",\"potentialAction\":[{\"@type\":\"CommentAction\",\"name\":\"Comment\",\"target\":[\"https:\\\/\\\/blog.ostwestfalen.ihk.de\\\/innovation\\\/2016\\\/02\\\/11\\\/paderborn-ist-informatik-als-gemeinnuetziger-verein-gegruendet\\\/#respond\"]}]},{\"@type\":\"WebPage\",\"@id\":\"https:\\\/\\\/blog.ostwestfalen.ihk.de\\\/innovation\\\/2016\\\/02\\\/11\\\/paderborn-ist-informatik-als-gemeinnuetziger-verein-gegruendet\\\/\",\"url\":\"https:\\\/\\\/blog.ostwestfalen.ihk.de\\\/innovation\\\/2016\\\/02\\\/11\\\/paderborn-ist-informatik-als-gemeinnuetziger-verein-gegruendet\\\/\",\"name\":\"\u201cPaderborn ist Informatik\u201d als gemeinn\u00fctziger Verein gegr\u00fcndet - KnowHow Ostwestfalen\",\"isPartOf\":{\"@id\":\"https:\\\/\\\/blog.ostwestfalen.ihk.de\\\/innovation\\\/#website\"},\"datePublished\":\"2016-02-11T07:29:43+00:00\",\"author\":{\"@id\":\"https:\\\/\\\/blog.ostwestfalen.ihk.de\\\/innovation\\\/#\\\/schema\\\/person\\\/9b8c0574761b5b328cc98406e6cd9e77\"},\"breadcrumb\":{\"@id\":\"https:\\\/\\\/blog.ostwestfalen.ihk.de\\\/innovation\\\/2016\\\/02\\\/11\\\/paderborn-ist-informatik-als-gemeinnuetziger-verein-gegruendet\\\/#breadcrumb\"},\"inLanguage\":\"de\",\"potentialAction\":[{\"@type\":\"ReadAction\",\"target\":[\"https:\\\/\\\/blog.ostwestfalen.ihk.de\\\/innovation\\\/2016\\\/02\\\/11\\\/paderborn-ist-informatik-als-gemeinnuetziger-verein-gegruendet\\\/\"]}]},{\"@type\":\"BreadcrumbList\",\"@id\":\"https:\\\/\\\/blog.ostwestfalen.ihk.de\\\/innovation\\\/2016\\\/02\\\/11\\\/paderborn-ist-informatik-als-gemeinnuetziger-verein-gegruendet\\\/#breadcrumb\",\"itemListElement\":[{\"@type\":\"ListItem\",\"position\":1,\"name\":\"Home\",\"item\":\"https:\\\/\\\/blog.ostwestfalen.ihk.de\\\/innovation\\\/\"},{\"@type\":\"ListItem\",\"position\":2,\"name\":\"\u201cPaderborn ist Informatik\u201d als gemeinn\u00fctziger Verein gegr\u00fcndet\"}]},{\"@type\":\"WebSite\",\"@id\":\"https:\\\/\\\/blog.ostwestfalen.ihk.de\\\/innovation\\\/#website\",\"url\":\"https:\\\/\\\/blog.ostwestfalen.ihk.de\\\/innovation\\\/\",\"name\":\"KnowHow Ostwestfalen\",\"description\":\"Innovation &amp; Technologietransfer\",\"potentialAction\":[{\"@type\":\"SearchAction\",\"target\":{\"@type\":\"EntryPoint\",\"urlTemplate\":\"https:\\\/\\\/blog.ostwestfalen.ihk.de\\\/innovation\\\/?s={search_term_string}\"},\"query-input\":{\"@type\":\"PropertyValueSpecification\",\"valueRequired\":true,\"valueName\":\"search_term_string\"}}],\"inLanguage\":\"de\"},{\"@type\":\"Person\",\"@id\":\"https:\\\/\\\/blog.ostwestfalen.ihk.de\\\/innovation\\\/#\\\/schema\\\/person\\\/9b8c0574761b5b328cc98406e6cd9e77\",\"name\":\"vvalter\"}]}<\/script>\n<!-- \/ Yoast SEO plugin. -->","yoast_head_json":{"title":"\u201cPaderborn ist Informatik\u201d als gemeinn\u00fctziger Verein gegr\u00fcndet - KnowHow Ostwestfalen","robots":{"index":"index","follow":"follow","max-snippet":"max-snippet:-1","max-image-preview":"max-image-preview:large","max-video-preview":"max-video-preview:-1"},"canonical":"https:\/\/blog.ostwestfalen.ihk.de\/innovation\/2016\/02\/11\/paderborn-ist-informatik-als-gemeinnuetziger-verein-gegruendet\/","og_locale":"de_DE","og_type":"article","og_title":"\u201cPaderborn ist Informatik\u201d als gemeinn\u00fctziger Verein gegr\u00fcndet - KnowHow Ostwestfalen","og_description":"Zw\u00f6lf Paderborner IT-Unternehmen und drei IT-Bildungseinrichtungen haben am 20. Januar 2016 den Verein \u201ePaderborn ist Informatik\u201c gegr\u00fcndet. Die f\u00fcnfzehn Gr\u00fcndungsmitglieder besch\u00e4ftigen mehr als 800 Mitarbeiter. Als Vorst\u00e4nde wurden Christina Zweigle, Connext GmbH und Uwe Ulbrich, Net at Work GmbH gew\u00e4hlt. Gemeinsam verfolgen die Vereinsmitglieder ein Ziel, die Informatik als Wissenschaft zu f\u00f6rdern, vor allem aber [&hellip;]","og_url":"https:\/\/blog.ostwestfalen.ihk.de\/innovation\/2016\/02\/11\/paderborn-ist-informatik-als-gemeinnuetziger-verein-gegruendet\/","og_site_name":"KnowHow Ostwestfalen","article_published_time":"2016-02-11T07:29:43+00:00","author":"vvalter","twitter_misc":{"Verfasst von":"vvalter"},"schema":{"@context":"https:\/\/schema.org","@graph":[{"@type":"Article","@id":"https:\/\/blog.ostwestfalen.ihk.de\/innovation\/2016\/02\/11\/paderborn-ist-informatik-als-gemeinnuetziger-verein-gegruendet\/#article","isPartOf":{"@id":"https:\/\/blog.ostwestfalen.ihk.de\/innovation\/2016\/02\/11\/paderborn-ist-informatik-als-gemeinnuetziger-verein-gegruendet\/"},"author":{"name":"vvalter","@id":"https:\/\/blog.ostwestfalen.ihk.de\/innovation\/#\/schema\/person\/9b8c0574761b5b328cc98406e6cd9e77"},"headline":"\u201cPaderborn ist Informatik\u201d als gemeinn\u00fctziger Verein gegr\u00fcndet","datePublished":"2016-02-11T07:29:43+00:00","mainEntityOfPage":{"@id":"https:\/\/blog.ostwestfalen.ihk.de\/innovation\/2016\/02\/11\/paderborn-ist-informatik-als-gemeinnuetziger-verein-gegruendet\/"},"wordCount":82,"commentCount":0,"inLanguage":"de","potentialAction":[{"@type":"CommentAction","name":"Comment","target":["https:\/\/blog.ostwestfalen.ihk.de\/innovation\/2016\/02\/11\/paderborn-ist-informatik-als-gemeinnuetziger-verein-gegruendet\/#respond"]}]},{"@type":"WebPage","@id":"https:\/\/blog.ostwestfalen.ihk.de\/innovation\/2016\/02\/11\/paderborn-ist-informatik-als-gemeinnuetziger-verein-gegruendet\/","url":"https:\/\/blog.ostwestfalen.ihk.de\/innovation\/2016\/02\/11\/paderborn-ist-informatik-als-gemeinnuetziger-verein-gegruendet\/","name":"\u201cPaderborn ist Informatik\u201d als gemeinn\u00fctziger Verein gegr\u00fcndet - KnowHow Ostwestfalen","isPartOf":{"@id":"https:\/\/blog.ostwestfalen.ihk.de\/innovation\/#website"},"datePublished":"2016-02-11T07:29:43+00:00","author":{"@id":"https:\/\/blog.ostwestfalen.ihk.de\/innovation\/#\/schema\/person\/9b8c0574761b5b328cc98406e6cd9e77"},"breadcrumb":{"@id":"https:\/\/blog.ostwestfalen.ihk.de\/innovation\/2016\/02\/11\/paderborn-ist-informatik-als-gemeinnuetziger-verein-gegruendet\/#breadcrumb"},"inLanguage":"de","potentialAction":[{"@type":"ReadAction","target":["https:\/\/blog.ostwestfalen.ihk.de\/innovation\/2016\/02\/11\/paderborn-ist-informatik-als-gemeinnuetziger-verein-gegruendet\/"]}]},{"@type":"BreadcrumbList","@id":"https:\/\/blog.ostwestfalen.ihk.de\/innovation\/2016\/02\/11\/paderborn-ist-informatik-als-gemeinnuetziger-verein-gegruendet\/#breadcrumb","itemListElement":[{"@type":"ListItem","position":1,"name":"Home","item":"https:\/\/blog.ostwestfalen.ihk.de\/innovation\/"},{"@type":"ListItem","position":2,"name":"\u201cPaderborn ist Informatik\u201d als gemeinn\u00fctziger Verein gegr\u00fcndet"}]},{"@type":"WebSite","@id":"https:\/\/blog.ostwestfalen.ihk.de\/innovation\/#website","url":"https:\/\/blog.ostwestfalen.ihk.de\/innovation\/","name":"KnowHow Ostwestfalen","description":"Innovation &amp; Technologietransfer","potentialAction":[{"@type":"SearchAction","target":{"@type":"EntryPoint","urlTemplate":"https:\/\/blog.ostwestfalen.ihk.de\/innovation\/?s={search_term_string}"},"query-input":{"@type":"PropertyValueSpecification","valueRequired":true,"valueName":"search_term_string"}}],"inLanguage":"de"},{"@type":"Person","@id":"https:\/\/blog.ostwestfalen.ihk.de\/innovation\/#\/schema\/person\/9b8c0574761b5b328cc98406e6cd9e77","name":"vvalter"}]}},"_links":{"self":[{"href":"https:\/\/blog.ostwestfalen.ihk.de\/innovation\/wp-json\/wp\/v2\/posts\/132","targetHints":{"allow":["GET"]}}],"collection":[{"href":"https:\/\/blog.ostwestfalen.ihk.de\/innovation\/wp-json\/wp\/v2\/posts"}],"about":[{"href":"https:\/\/blog.ostwestfalen.ihk.de\/innovation\/wp-json\/wp\/v2\/types\/post"}],"author":[{"embeddable":true,"href":"https:\/\/blog.ostwestfalen.ihk.de\/innovation\/wp-json\/wp\/v2\/users\/14"}],"replies":[{"embeddable":true,"href":"https:\/\/blog.ostwestfalen.ihk.de\/innovation\/wp-json\/wp\/v2\/comments?post=132"}],"version-history":[{"count":1,"href":"https:\/\/blog.ostwestfalen.ihk.de\/innovation\/wp-json\/wp\/v2\/posts\/132\/revisions"}],"predecessor-version":[{"id":133,"href":"https:\/\/blog.ostwestfalen.ihk.de\/innovation\/wp-json\/wp\/v2\/posts\/132\/revisions\/133"}],"wp:attachment":[{"href":"https:\/\/blog.ostwestfalen.ihk.de\/innovation\/wp-json\/wp\/v2\/media?parent=132"}],"wp:term":[{"taxonomy":"category","embeddable":true,"href":"https:\/\/blog.ostwestfalen.ihk.de\/innovation\/wp-json\/wp\/v2\/categories?post=132"},{"taxonomy":"post_tag","embeddable":true,"href":"https:\/\/blog.ostwestfalen.ihk.de\/innovation\/wp-json\/wp\/v2\/tags?post=132"}],"curies":[{"name":"wp","href":"https:\/\/api.w.org\/{rel}","templated":true}]}}