{"id":1183,"date":"2018-06-08T10:23:12","date_gmt":"2018-06-08T08:23:12","guid":{"rendered":"http:\/\/blog.ostwestfalen.ihk.de\/innovation\/?p=1183"},"modified":"2018-06-08T10:23:12","modified_gmt":"2018-06-08T08:23:12","slug":"eu-und-eif-legen-risikokapitaldachfonds-auf","status":"publish","type":"post","link":"https:\/\/blog.ostwestfalen.ihk.de\/innovation\/2018\/06\/08\/eu-und-eif-legen-risikokapitaldachfonds-auf\/","title":{"rendered":"EU und EIF legen Risikokapitaldachfonds auf"},"content":{"rendered":"<p>Gemeinsam mit dem Europ\u00e4ischen Investitionsfonds (EIF) hat die Europ\u00e4ische Kommission am 10. April 2018 angek\u00fcndigt, ein europaweites Risikokapitaldachfonds-Programm in H\u00f6he von 2,1 Milliarden Euro zur F\u00f6rderung von innovativen Start-up-Unternehmen aufzulegen.<br \/>\nHintergrund der Ma\u00dfnahme ist die unbefriedigende Situation europ\u00e4ischer Risikokapitalempf\u00e4nger im Vergleich zu jenen in den USA oder in China. Wurden 2016 in der EU rund 6,5 Mrd. Euro Risikokapital investiert, waren es in den USA im selben Jahr 39,4 Mrd. Euro.<br \/>\nAuch gibt es in Europa deutlich weniger extrem wachstumsstarke Start-ups (sogenannte &#8222;Unicorns&#8220;, die eine Marktbewertung von \u00fcber 1 Mrd. Euro erreicht haben): Gegen\u00fcber 109 in den USA und 59 in China kann die EU nur 26 solcher Unicorns vorweisen.<br \/>\nUm hier Abhilfe zu schaffen, haben EU-Kommission und EIF am 10. April 2018 die Auswahl von sechs teilnehmenden Fonds bekanntgegeben, die EU-Unterst\u00fctzung f\u00fcr ihr Investitionsvorhaben am europ\u00e4ischen Risikokapitalmarkt erhalten. Die Fonds werden mit EU-Mitteln in H\u00f6he von 410 Mio. Euro unterst\u00fctzt und sollen bis zu 2,1 Mrd. Euro an \u00f6ffentlichen und privaten Investitionen mobilisieren. Im Gegenzug soll dies zu Neuinvestitionen in H\u00f6he von rund 6,5 Mrd. Euro in innovative Start-up- und Scale-up-Unternehmen in ganz Europa f\u00fchren, sodass sich das derzeit in Europa verf\u00fcgbare Risikokapital verdoppelt.<br \/>\n<a href=\"http:\/\/europa.eu\/rapid\/press-release_MEMO-18-2764_de.htm\" target=\"_blank\" rel=\"noopener\">http:\/\/europa.eu\/rapid\/press-release_MEMO-18-2764_de.htm<\/a><\/p>\n","protected":false},"excerpt":{"rendered":"<p>Gemeinsam mit dem Europ\u00e4ischen Investitionsfonds (EIF) hat die Europ\u00e4ische Kommission am 10. April 2018 angek\u00fcndigt, ein europaweites Risikokapitaldachfonds-Programm in H\u00f6he von 2,1 Milliarden Euro zur F\u00f6rderung von innovativen Start-up-Unternehmen aufzulegen. Hintergrund der Ma\u00dfnahme ist die unbefriedigende Situation europ\u00e4ischer Risikokapitalempf\u00e4nger im Vergleich zu jenen in den USA oder in China. Wurden 2016 in der EU rund [&hellip;]<\/p>\n","protected":false},"author":14,"featured_media":0,"comment_status":"closed","ping_status":"closed","sticky":false,"template":"","format":"standard","meta":{"footnotes":""},"categories":[92],"tags":[],"class_list":["post-1183","post","type-post","status-publish","format-standard","hentry","category-start-ups"],"yoast_head":"<!-- This site is optimized with the Yoast SEO plugin v27.5 - https:\/\/yoast.com\/product\/yoast-seo-wordpress\/ -->\n<title>EU und EIF legen Risikokapitaldachfonds auf - KnowHow Ostwestfalen<\/title>\n<meta name=\"robots\" content=\"index, follow, max-snippet:-1, max-image-preview:large, max-video-preview:-1\" \/>\n<link rel=\"canonical\" href=\"https:\/\/blog.ostwestfalen.ihk.de\/innovation\/2018\/06\/08\/eu-und-eif-legen-risikokapitaldachfonds-auf\/\" \/>\n<meta property=\"og:locale\" content=\"de_DE\" \/>\n<meta property=\"og:type\" content=\"article\" \/>\n<meta property=\"og:title\" content=\"EU und EIF legen Risikokapitaldachfonds auf - KnowHow Ostwestfalen\" \/>\n<meta property=\"og:description\" content=\"Gemeinsam mit dem Europ\u00e4ischen Investitionsfonds (EIF) hat die Europ\u00e4ische Kommission am 10. April 2018 angek\u00fcndigt, ein europaweites Risikokapitaldachfonds-Programm in H\u00f6he von 2,1 Milliarden Euro zur F\u00f6rderung von innovativen Start-up-Unternehmen aufzulegen. Hintergrund der Ma\u00dfnahme ist die unbefriedigende Situation europ\u00e4ischer Risikokapitalempf\u00e4nger im Vergleich zu jenen in den USA oder in China. Wurden 2016 in der EU rund [&hellip;]\" \/>\n<meta property=\"og:url\" content=\"https:\/\/blog.ostwestfalen.ihk.de\/innovation\/2018\/06\/08\/eu-und-eif-legen-risikokapitaldachfonds-auf\/\" \/>\n<meta property=\"og:site_name\" content=\"KnowHow Ostwestfalen\" \/>\n<meta property=\"article:published_time\" content=\"2018-06-08T08:23:12+00:00\" \/>\n<meta name=\"author\" content=\"vvalter\" \/>\n<meta name=\"twitter:label1\" content=\"Verfasst von\" \/>\n\t<meta name=\"twitter:data1\" content=\"vvalter\" \/>\n\t<meta name=\"twitter:label2\" content=\"Gesch\u00e4tzte Lesezeit\" \/>\n\t<meta name=\"twitter:data2\" content=\"1\u00a0Minute\" \/>\n<script type=\"application\/ld+json\" class=\"yoast-schema-graph\">{\"@context\":\"https:\\\/\\\/schema.org\",\"@graph\":[{\"@type\":\"Article\",\"@id\":\"https:\\\/\\\/blog.ostwestfalen.ihk.de\\\/innovation\\\/2018\\\/06\\\/08\\\/eu-und-eif-legen-risikokapitaldachfonds-auf\\\/#article\",\"isPartOf\":{\"@id\":\"https:\\\/\\\/blog.ostwestfalen.ihk.de\\\/innovation\\\/2018\\\/06\\\/08\\\/eu-und-eif-legen-risikokapitaldachfonds-auf\\\/\"},\"author\":{\"name\":\"vvalter\",\"@id\":\"https:\\\/\\\/blog.ostwestfalen.ihk.de\\\/innovation\\\/#\\\/schema\\\/person\\\/9b8c0574761b5b328cc98406e6cd9e77\"},\"headline\":\"EU und EIF legen Risikokapitaldachfonds auf\",\"datePublished\":\"2018-06-08T08:23:12+00:00\",\"mainEntityOfPage\":{\"@id\":\"https:\\\/\\\/blog.ostwestfalen.ihk.de\\\/innovation\\\/2018\\\/06\\\/08\\\/eu-und-eif-legen-risikokapitaldachfonds-auf\\\/\"},\"wordCount\":212,\"articleSection\":[\"Start-ups\"],\"inLanguage\":\"de\"},{\"@type\":\"WebPage\",\"@id\":\"https:\\\/\\\/blog.ostwestfalen.ihk.de\\\/innovation\\\/2018\\\/06\\\/08\\\/eu-und-eif-legen-risikokapitaldachfonds-auf\\\/\",\"url\":\"https:\\\/\\\/blog.ostwestfalen.ihk.de\\\/innovation\\\/2018\\\/06\\\/08\\\/eu-und-eif-legen-risikokapitaldachfonds-auf\\\/\",\"name\":\"EU und EIF legen Risikokapitaldachfonds auf - KnowHow Ostwestfalen\",\"isPartOf\":{\"@id\":\"https:\\\/\\\/blog.ostwestfalen.ihk.de\\\/innovation\\\/#website\"},\"datePublished\":\"2018-06-08T08:23:12+00:00\",\"author\":{\"@id\":\"https:\\\/\\\/blog.ostwestfalen.ihk.de\\\/innovation\\\/#\\\/schema\\\/person\\\/9b8c0574761b5b328cc98406e6cd9e77\"},\"breadcrumb\":{\"@id\":\"https:\\\/\\\/blog.ostwestfalen.ihk.de\\\/innovation\\\/2018\\\/06\\\/08\\\/eu-und-eif-legen-risikokapitaldachfonds-auf\\\/#breadcrumb\"},\"inLanguage\":\"de\",\"potentialAction\":[{\"@type\":\"ReadAction\",\"target\":[\"https:\\\/\\\/blog.ostwestfalen.ihk.de\\\/innovation\\\/2018\\\/06\\\/08\\\/eu-und-eif-legen-risikokapitaldachfonds-auf\\\/\"]}]},{\"@type\":\"BreadcrumbList\",\"@id\":\"https:\\\/\\\/blog.ostwestfalen.ihk.de\\\/innovation\\\/2018\\\/06\\\/08\\\/eu-und-eif-legen-risikokapitaldachfonds-auf\\\/#breadcrumb\",\"itemListElement\":[{\"@type\":\"ListItem\",\"position\":1,\"name\":\"Home\",\"item\":\"https:\\\/\\\/blog.ostwestfalen.ihk.de\\\/innovation\\\/\"},{\"@type\":\"ListItem\",\"position\":2,\"name\":\"EU und EIF legen Risikokapitaldachfonds auf\"}]},{\"@type\":\"WebSite\",\"@id\":\"https:\\\/\\\/blog.ostwestfalen.ihk.de\\\/innovation\\\/#website\",\"url\":\"https:\\\/\\\/blog.ostwestfalen.ihk.de\\\/innovation\\\/\",\"name\":\"KnowHow Ostwestfalen\",\"description\":\"Innovation &amp; Technologietransfer\",\"potentialAction\":[{\"@type\":\"SearchAction\",\"target\":{\"@type\":\"EntryPoint\",\"urlTemplate\":\"https:\\\/\\\/blog.ostwestfalen.ihk.de\\\/innovation\\\/?s={search_term_string}\"},\"query-input\":{\"@type\":\"PropertyValueSpecification\",\"valueRequired\":true,\"valueName\":\"search_term_string\"}}],\"inLanguage\":\"de\"},{\"@type\":\"Person\",\"@id\":\"https:\\\/\\\/blog.ostwestfalen.ihk.de\\\/innovation\\\/#\\\/schema\\\/person\\\/9b8c0574761b5b328cc98406e6cd9e77\",\"name\":\"vvalter\"}]}<\/script>\n<!-- \/ Yoast SEO plugin. -->","yoast_head_json":{"title":"EU und EIF legen Risikokapitaldachfonds auf - KnowHow Ostwestfalen","robots":{"index":"index","follow":"follow","max-snippet":"max-snippet:-1","max-image-preview":"max-image-preview:large","max-video-preview":"max-video-preview:-1"},"canonical":"https:\/\/blog.ostwestfalen.ihk.de\/innovation\/2018\/06\/08\/eu-und-eif-legen-risikokapitaldachfonds-auf\/","og_locale":"de_DE","og_type":"article","og_title":"EU und EIF legen Risikokapitaldachfonds auf - KnowHow Ostwestfalen","og_description":"Gemeinsam mit dem Europ\u00e4ischen Investitionsfonds (EIF) hat die Europ\u00e4ische Kommission am 10. April 2018 angek\u00fcndigt, ein europaweites Risikokapitaldachfonds-Programm in H\u00f6he von 2,1 Milliarden Euro zur F\u00f6rderung von innovativen Start-up-Unternehmen aufzulegen. Hintergrund der Ma\u00dfnahme ist die unbefriedigende Situation europ\u00e4ischer Risikokapitalempf\u00e4nger im Vergleich zu jenen in den USA oder in China. Wurden 2016 in der EU rund [&hellip;]","og_url":"https:\/\/blog.ostwestfalen.ihk.de\/innovation\/2018\/06\/08\/eu-und-eif-legen-risikokapitaldachfonds-auf\/","og_site_name":"KnowHow Ostwestfalen","article_published_time":"2018-06-08T08:23:12+00:00","author":"vvalter","twitter_misc":{"Verfasst von":"vvalter","Gesch\u00e4tzte Lesezeit":"1\u00a0Minute"},"schema":{"@context":"https:\/\/schema.org","@graph":[{"@type":"Article","@id":"https:\/\/blog.ostwestfalen.ihk.de\/innovation\/2018\/06\/08\/eu-und-eif-legen-risikokapitaldachfonds-auf\/#article","isPartOf":{"@id":"https:\/\/blog.ostwestfalen.ihk.de\/innovation\/2018\/06\/08\/eu-und-eif-legen-risikokapitaldachfonds-auf\/"},"author":{"name":"vvalter","@id":"https:\/\/blog.ostwestfalen.ihk.de\/innovation\/#\/schema\/person\/9b8c0574761b5b328cc98406e6cd9e77"},"headline":"EU und EIF legen Risikokapitaldachfonds auf","datePublished":"2018-06-08T08:23:12+00:00","mainEntityOfPage":{"@id":"https:\/\/blog.ostwestfalen.ihk.de\/innovation\/2018\/06\/08\/eu-und-eif-legen-risikokapitaldachfonds-auf\/"},"wordCount":212,"articleSection":["Start-ups"],"inLanguage":"de"},{"@type":"WebPage","@id":"https:\/\/blog.ostwestfalen.ihk.de\/innovation\/2018\/06\/08\/eu-und-eif-legen-risikokapitaldachfonds-auf\/","url":"https:\/\/blog.ostwestfalen.ihk.de\/innovation\/2018\/06\/08\/eu-und-eif-legen-risikokapitaldachfonds-auf\/","name":"EU und EIF legen Risikokapitaldachfonds auf - KnowHow Ostwestfalen","isPartOf":{"@id":"https:\/\/blog.ostwestfalen.ihk.de\/innovation\/#website"},"datePublished":"2018-06-08T08:23:12+00:00","author":{"@id":"https:\/\/blog.ostwestfalen.ihk.de\/innovation\/#\/schema\/person\/9b8c0574761b5b328cc98406e6cd9e77"},"breadcrumb":{"@id":"https:\/\/blog.ostwestfalen.ihk.de\/innovation\/2018\/06\/08\/eu-und-eif-legen-risikokapitaldachfonds-auf\/#breadcrumb"},"inLanguage":"de","potentialAction":[{"@type":"ReadAction","target":["https:\/\/blog.ostwestfalen.ihk.de\/innovation\/2018\/06\/08\/eu-und-eif-legen-risikokapitaldachfonds-auf\/"]}]},{"@type":"BreadcrumbList","@id":"https:\/\/blog.ostwestfalen.ihk.de\/innovation\/2018\/06\/08\/eu-und-eif-legen-risikokapitaldachfonds-auf\/#breadcrumb","itemListElement":[{"@type":"ListItem","position":1,"name":"Home","item":"https:\/\/blog.ostwestfalen.ihk.de\/innovation\/"},{"@type":"ListItem","position":2,"name":"EU und EIF legen Risikokapitaldachfonds auf"}]},{"@type":"WebSite","@id":"https:\/\/blog.ostwestfalen.ihk.de\/innovation\/#website","url":"https:\/\/blog.ostwestfalen.ihk.de\/innovation\/","name":"KnowHow Ostwestfalen","description":"Innovation &amp; Technologietransfer","potentialAction":[{"@type":"SearchAction","target":{"@type":"EntryPoint","urlTemplate":"https:\/\/blog.ostwestfalen.ihk.de\/innovation\/?s={search_term_string}"},"query-input":{"@type":"PropertyValueSpecification","valueRequired":true,"valueName":"search_term_string"}}],"inLanguage":"de"},{"@type":"Person","@id":"https:\/\/blog.ostwestfalen.ihk.de\/innovation\/#\/schema\/person\/9b8c0574761b5b328cc98406e6cd9e77","name":"vvalter"}]}},"_links":{"self":[{"href":"https:\/\/blog.ostwestfalen.ihk.de\/innovation\/wp-json\/wp\/v2\/posts\/1183","targetHints":{"allow":["GET"]}}],"collection":[{"href":"https:\/\/blog.ostwestfalen.ihk.de\/innovation\/wp-json\/wp\/v2\/posts"}],"about":[{"href":"https:\/\/blog.ostwestfalen.ihk.de\/innovation\/wp-json\/wp\/v2\/types\/post"}],"author":[{"embeddable":true,"href":"https:\/\/blog.ostwestfalen.ihk.de\/innovation\/wp-json\/wp\/v2\/users\/14"}],"replies":[{"embeddable":true,"href":"https:\/\/blog.ostwestfalen.ihk.de\/innovation\/wp-json\/wp\/v2\/comments?post=1183"}],"version-history":[{"count":1,"href":"https:\/\/blog.ostwestfalen.ihk.de\/innovation\/wp-json\/wp\/v2\/posts\/1183\/revisions"}],"predecessor-version":[{"id":1184,"href":"https:\/\/blog.ostwestfalen.ihk.de\/innovation\/wp-json\/wp\/v2\/posts\/1183\/revisions\/1184"}],"wp:attachment":[{"href":"https:\/\/blog.ostwestfalen.ihk.de\/innovation\/wp-json\/wp\/v2\/media?parent=1183"}],"wp:term":[{"taxonomy":"category","embeddable":true,"href":"https:\/\/blog.ostwestfalen.ihk.de\/innovation\/wp-json\/wp\/v2\/categories?post=1183"},{"taxonomy":"post_tag","embeddable":true,"href":"https:\/\/blog.ostwestfalen.ihk.de\/innovation\/wp-json\/wp\/v2\/tags?post=1183"}],"curies":[{"name":"wp","href":"https:\/\/api.w.org\/{rel}","templated":true}]}}